{"id":1127,"date":"2011-02-14T00:13:19","date_gmt":"2011-02-13T23:13:19","guid":{"rendered":"https:\/\/www.tritiopublicidad.es\/blog\/?p=1127"},"modified":"2016-07-13T12:21:57","modified_gmt":"2016-07-13T10:21:57","slug":"alex-de-la-iglesia-y-la-ley-sinde","status":"publish","type":"post","link":"https:\/\/www.tritiopublicidad.es\/blog\/alex-de-la-iglesia-y-la-ley-sinde\/","title":{"rendered":"LA POSICI\u00d3N DE ALEX DE LA IGLESIA RESPECTO A LA LEY SINDE"},"content":{"rendered":"<p style=\"text-align: center;\"><a href=\"https:\/\/www.tritiopublicidad.es\/blog\/wp-content\/uploads\/2011\/02\/AlexIglesiaGoya-644x362.jpg\"><img fetchpriority=\"high\" decoding=\"async\" class=\"size-medium wp-image-1128 aligncenter\" title=\"AlexIglesiaGoya--644x362\" src=\"https:\/\/www.tritiopublicidad.es\/blog\/wp-content\/uploads\/2011\/02\/AlexIglesiaGoya-644x362-300x168.jpg\" alt=\"\" width=\"300\" height=\"168\" srcset=\"https:\/\/www.tritiopublicidad.es\/blog\/wp-content\/uploads\/2011\/02\/AlexIglesiaGoya-644x362-300x168.jpg 300w, https:\/\/www.tritiopublicidad.es\/blog\/wp-content\/uploads\/2011\/02\/AlexIglesiaGoya-644x362.jpg 644w\" sizes=\"(max-width: 300px) 100vw, 300px\" \/><\/a><\/p>\n<p>Por la ciudad circulan rumores, rumores sobre todos los temas de actualidad. Bulos, informaciones mal interpretadas, comentarios mal intencionados y dem\u00e1s historias sin mucho fundamento que, d\u00eda a d\u00eda, van alimentando la aburrida existencia de los an\u00f3nimos.<\/p>\n<p>Recientemente, con la Ley Sinde y la dimisi\u00f3n de Alex de la Iglesia como presidente de la Academia de Cine, lleg\u00f3 a mis o\u00eddos que el prol\u00edfico director de cine hab\u00eda dimitido porque la susodicha Ley le hab\u00eda parecido demasiado blanda.<\/p>\n<p>Todos los rumores tienen un origen, y es lo que voy a tratar de analizar a continuaci\u00f3n.<\/p>\n<p>&#8211;\u00a0\u00a0\u00a0\u00a0\u00a0\u00a0\u00a0\u00a0\u00a0 El punto de comienzo est\u00e1 en el d\u00eda 25 de enero, cuando los peri\u00f3dicos nacionales abrieron con dos grandes titulares: \u201cPSOE y PP suavizan la Ley Sinde\u201d\u00a0 \u201cAlex de la Iglesia dimite como Director de la Academia de Cine\u201d.<\/p>\n<p>Muchos lectores que no se hab\u00edan informado sobre la posici\u00f3n del cineasta ni sobre la evoluci\u00f3n de la ley, sacaron una conclusi\u00f3n, hasta cierto punto, l\u00f3gica: <em>Alex de la Iglesia quer\u00eda una Ley Sinde m\u00e1s dura. <\/em><\/p>\n<p><em>\u00a0<\/em><\/p>\n<p>&#8211;\u00a0\u00a0\u00a0\u00a0\u00a0\u00a0\u00a0\u00a0\u00a0 Poco despu\u00e9s, a trav\u00e9s de su activa cuenta de Twitter, Alex de la Iglesia expuso los motivos de su dimisi\u00f3n: \u201cComenc\u00e9 un di\u00e1logo con las partes afectadas. Busqu\u00e9 puntos en com\u00fan y los encontr\u00e9. Busqu\u00e9 propuestas y se me ofrecieron, y los hice llegar al Gobierno y a la oposici\u00f3n, como era mi deber. El resultado de esos acercamientos me hizo cambiar de opini\u00f3n acerca de la ley, y la redacci\u00f3n final del texto no me result\u00f3 satisfactoria, y as\u00ed lo expres\u00e9\u201d\u00a0<strong>\u00a0\u00a0\u00a0\u00a0\u00a0\u00a0\u00a0\u00a0\u00a0\u00a0\u00a0\u00a0\u00a0\u00a0\u00a0\u00a0\u00a0\u00a0\u00a0\u00a0\u00a0\u00a0\u00a0\u00a0\u00a0\u00a0\u00a0\u00a0\u00a0\u00a0\u00a0\u00a0\u00a0\u00a0\u00a0\u00a0\u00a0\u00a0\u00a0\u00a0<\/strong><\/p>\n<p>El problema radica en que el p\u00e1rrafo es un poco ambiguo y si a eso le a\u00f1adimos que muchos lectores (inclu\u00eddo un servidor) no conoc\u00edan la posici\u00f3n del director de cine respecto a la ley, era de esperar que se creara una gran confusi\u00f3n.\u00a0 <strong>\u201c\u2026los hice llegar al Gobierno y a la oposici\u00f3n\u2026\u201d \u201c\u2026El resultado de esos acercamientos me hizo cambiar de opini\u00f3n acerca de la ley\u2026\u201d <\/strong>Varias personas entendieron que el acercamiento al que se refer\u00eda Alex de la Iglesia no era entre los internautas por un lado, y Gobierno y oposici\u00f3n por el otro, sino al acercamiento que se produjo en el congreso entre PSOE y PP para suavizar la ley. A esto hay que a\u00f1adirle\u00a0 <strong>\u201c\u2026y la redacci\u00f3n final del texto no me result\u00f3 satisfactoria\u2026\u201d <\/strong><\/p>\n<p>Alex de la Iglesia lleva mucho tiempo intentando defender los intereses de los usuarios y \u00e9l mismo expres\u00f3 que <em>la Ley Sinde no es la soluci\u00f3n<\/em>. Quiz\u00e1s deber\u00eda haber sido m\u00e1s claro en su tweet y se hubiera ahorrado mucha falsa rumorolog\u00eda. Pero \u00e9l no tuvo la culpa de que los medios de comunicaci\u00f3n copiaran y pegaran su ambiguo escrito palabra por palabra como si se tratara de un comunicado de prensa.<\/p>\n<p>Diego Celma Herrando<\/p>\n<p>Imagen: abc<\/p>\n","protected":false},"excerpt":{"rendered":"<p>Por la ciudad circulan rumores, rumores sobre todos los temas de actualidad. Bulos, informaciones mal interpretadas, comentarios mal intencionados y dem\u00e1s historias sin mucho fundamento que, d\u00eda a d\u00eda, van alimentando la aburrida existencia de los an\u00f3nimos. Recientemente, con la Ley Sinde y la dimisi\u00f3n de Alex de la Iglesia como presidente de la Academia [&hellip;]<\/p>\n","protected":false},"author":2,"featured_media":0,"comment_status":"open","ping_status":"open","sticky":false,"template":"","format":"standard","meta":{"footnotes":""},"categories":[218],"tags":[1626,1627,1203,361,320,1628],"class_list":["post-1127","post","type-post","status-publish","format-standard","hentry","category-medios-de-comunicacion","tag-alex","tag-goya","tag-iglesia","tag-pp","tag-psoe","tag-sinde"],"yoast_head":"<!-- This site is optimized with the Yoast SEO plugin v27.5 - https:\/\/yoast.com\/product\/yoast-seo-wordpress\/ -->\n<title>LA POSICI\u00d3N DE ALEX DE LA IGLESIA RESPECTO A LA LEY SINDE - Tritio Publicidad<\/title>\n<meta name=\"robots\" content=\"index, follow, max-snippet:-1, max-image-preview:large, max-video-preview:-1\" \/>\n<link rel=\"canonical\" href=\"https:\/\/www.tritiopublicidad.es\/blog\/alex-de-la-iglesia-y-la-ley-sinde\/\" \/>\n<meta property=\"og:locale\" content=\"es_ES\" \/>\n<meta property=\"og:type\" content=\"article\" \/>\n<meta property=\"og:title\" content=\"LA POSICI\u00d3N DE ALEX DE LA IGLESIA RESPECTO A LA LEY SINDE - Tritio Publicidad\" \/>\n<meta property=\"og:description\" content=\"Por la ciudad circulan rumores, rumores sobre todos los temas de actualidad. Bulos, informaciones mal interpretadas, comentarios mal intencionados y dem\u00e1s historias sin mucho fundamento que, d\u00eda a d\u00eda, van alimentando la aburrida existencia de los an\u00f3nimos. Recientemente, con la Ley Sinde y la dimisi\u00f3n de Alex de la Iglesia como presidente de la Academia [&hellip;]\" \/>\n<meta property=\"og:url\" content=\"https:\/\/www.tritiopublicidad.es\/blog\/alex-de-la-iglesia-y-la-ley-sinde\/\" \/>\n<meta property=\"og:site_name\" content=\"Tritio Publicidad\" \/>\n<meta property=\"article:published_time\" content=\"2011-02-13T23:13:19+00:00\" \/>\n<meta property=\"article:modified_time\" content=\"2016-07-13T10:21:57+00:00\" \/>\n<meta property=\"og:image\" content=\"https:\/\/www.tritiopublicidad.es\/blog\/wp-content\/uploads\/2011\/02\/AlexIglesiaGoya-644x362-300x168.jpg\" \/>\n<meta name=\"author\" content=\"Admin 2\" \/>\n<meta name=\"twitter:card\" content=\"summary_large_image\" \/>\n<meta name=\"twitter:label1\" content=\"Escrito por\" \/>\n\t<meta name=\"twitter:data1\" content=\"Admin 2\" \/>\n\t<meta name=\"twitter:label2\" content=\"Tiempo de lectura\" \/>\n\t<meta name=\"twitter:data2\" content=\"3 minutos\" \/>\n<script type=\"application\/ld+json\" class=\"yoast-schema-graph\">{\"@context\":\"https:\\\/\\\/schema.org\",\"@graph\":[{\"@type\":\"Article\",\"@id\":\"https:\\\/\\\/www.tritiopublicidad.es\\\/blog\\\/alex-de-la-iglesia-y-la-ley-sinde\\\/#article\",\"isPartOf\":{\"@id\":\"https:\\\/\\\/www.tritiopublicidad.es\\\/blog\\\/alex-de-la-iglesia-y-la-ley-sinde\\\/\"},\"author\":{\"name\":\"Admin 2\",\"@id\":\"https:\\\/\\\/www.tritiopublicidad.es\\\/blog\\\/#\\\/schema\\\/person\\\/d4a82bb9a7d9c97655a00baff397ca61\"},\"headline\":\"LA POSICI\u00d3N DE ALEX DE LA IGLESIA RESPECTO A LA LEY SINDE\",\"datePublished\":\"2011-02-13T23:13:19+00:00\",\"dateModified\":\"2016-07-13T10:21:57+00:00\",\"mainEntityOfPage\":{\"@id\":\"https:\\\/\\\/www.tritiopublicidad.es\\\/blog\\\/alex-de-la-iglesia-y-la-ley-sinde\\\/\"},\"wordCount\":516,\"commentCount\":0,\"image\":{\"@id\":\"https:\\\/\\\/www.tritiopublicidad.es\\\/blog\\\/alex-de-la-iglesia-y-la-ley-sinde\\\/#primaryimage\"},\"thumbnailUrl\":\"https:\\\/\\\/www.tritiopublicidad.es\\\/blog\\\/wp-content\\\/uploads\\\/2011\\\/02\\\/AlexIglesiaGoya-644x362-300x168.jpg\",\"keywords\":[\"ALEX\",\"GOYA\",\"IGLESIA\",\"PP\",\"PSOE\",\"SINDE\"],\"articleSection\":[\"Medios de Comunicaci\u00f3n\"],\"inLanguage\":\"es\",\"potentialAction\":[{\"@type\":\"CommentAction\",\"name\":\"Comment\",\"target\":[\"https:\\\/\\\/www.tritiopublicidad.es\\\/blog\\\/alex-de-la-iglesia-y-la-ley-sinde\\\/#respond\"]}]},{\"@type\":\"WebPage\",\"@id\":\"https:\\\/\\\/www.tritiopublicidad.es\\\/blog\\\/alex-de-la-iglesia-y-la-ley-sinde\\\/\",\"url\":\"https:\\\/\\\/www.tritiopublicidad.es\\\/blog\\\/alex-de-la-iglesia-y-la-ley-sinde\\\/\",\"name\":\"LA POSICI\u00d3N DE ALEX DE LA IGLESIA RESPECTO A LA LEY SINDE - Tritio Publicidad\",\"isPartOf\":{\"@id\":\"https:\\\/\\\/www.tritiopublicidad.es\\\/blog\\\/#website\"},\"primaryImageOfPage\":{\"@id\":\"https:\\\/\\\/www.tritiopublicidad.es\\\/blog\\\/alex-de-la-iglesia-y-la-ley-sinde\\\/#primaryimage\"},\"image\":{\"@id\":\"https:\\\/\\\/www.tritiopublicidad.es\\\/blog\\\/alex-de-la-iglesia-y-la-ley-sinde\\\/#primaryimage\"},\"thumbnailUrl\":\"https:\\\/\\\/www.tritiopublicidad.es\\\/blog\\\/wp-content\\\/uploads\\\/2011\\\/02\\\/AlexIglesiaGoya-644x362-300x168.jpg\",\"datePublished\":\"2011-02-13T23:13:19+00:00\",\"dateModified\":\"2016-07-13T10:21:57+00:00\",\"author\":{\"@id\":\"https:\\\/\\\/www.tritiopublicidad.es\\\/blog\\\/#\\\/schema\\\/person\\\/d4a82bb9a7d9c97655a00baff397ca61\"},\"breadcrumb\":{\"@id\":\"https:\\\/\\\/www.tritiopublicidad.es\\\/blog\\\/alex-de-la-iglesia-y-la-ley-sinde\\\/#breadcrumb\"},\"inLanguage\":\"es\",\"potentialAction\":[{\"@type\":\"ReadAction\",\"target\":[\"https:\\\/\\\/www.tritiopublicidad.es\\\/blog\\\/alex-de-la-iglesia-y-la-ley-sinde\\\/\"]}]},{\"@type\":\"ImageObject\",\"inLanguage\":\"es\",\"@id\":\"https:\\\/\\\/www.tritiopublicidad.es\\\/blog\\\/alex-de-la-iglesia-y-la-ley-sinde\\\/#primaryimage\",\"url\":\"https:\\\/\\\/www.tritiopublicidad.es\\\/blog\\\/wp-content\\\/uploads\\\/2011\\\/02\\\/AlexIglesiaGoya-644x362.jpg\",\"contentUrl\":\"https:\\\/\\\/www.tritiopublicidad.es\\\/blog\\\/wp-content\\\/uploads\\\/2011\\\/02\\\/AlexIglesiaGoya-644x362.jpg\",\"width\":\"644\",\"height\":\"362\"},{\"@type\":\"BreadcrumbList\",\"@id\":\"https:\\\/\\\/www.tritiopublicidad.es\\\/blog\\\/alex-de-la-iglesia-y-la-ley-sinde\\\/#breadcrumb\",\"itemListElement\":[{\"@type\":\"ListItem\",\"position\":1,\"name\":\"Portada\",\"item\":\"https:\\\/\\\/www.tritiopublicidad.es\\\/blog\\\/\"},{\"@type\":\"ListItem\",\"position\":2,\"name\":\"LA POSICI\u00d3N DE ALEX DE LA IGLESIA RESPECTO A LA LEY SINDE\"}]},{\"@type\":\"WebSite\",\"@id\":\"https:\\\/\\\/www.tritiopublicidad.es\\\/blog\\\/#website\",\"url\":\"https:\\\/\\\/www.tritiopublicidad.es\\\/blog\\\/\",\"name\":\"Tritio Publicidad\",\"description\":\"Campa&ntilde;as, marketing y logotipos\",\"potentialAction\":[{\"@type\":\"SearchAction\",\"target\":{\"@type\":\"EntryPoint\",\"urlTemplate\":\"https:\\\/\\\/www.tritiopublicidad.es\\\/blog\\\/?s={search_term_string}\"},\"query-input\":{\"@type\":\"PropertyValueSpecification\",\"valueRequired\":true,\"valueName\":\"search_term_string\"}}],\"inLanguage\":\"es\"},{\"@type\":\"Person\",\"@id\":\"https:\\\/\\\/www.tritiopublicidad.es\\\/blog\\\/#\\\/schema\\\/person\\\/d4a82bb9a7d9c97655a00baff397ca61\",\"name\":\"Admin 2\",\"image\":{\"@type\":\"ImageObject\",\"inLanguage\":\"es\",\"@id\":\"https:\\\/\\\/secure.gravatar.com\\\/avatar\\\/e36769033535f8ae2f95741cb281544c80c7e48721b032724ab85260265a1f02?s=96&d=mm&r=g\",\"url\":\"https:\\\/\\\/secure.gravatar.com\\\/avatar\\\/e36769033535f8ae2f95741cb281544c80c7e48721b032724ab85260265a1f02?s=96&d=mm&r=g\",\"contentUrl\":\"https:\\\/\\\/secure.gravatar.com\\\/avatar\\\/e36769033535f8ae2f95741cb281544c80c7e48721b032724ab85260265a1f02?s=96&d=mm&r=g\",\"caption\":\"Admin 2\"},\"url\":\"https:\\\/\\\/www.tritiopublicidad.es\\\/blog\\\/author\\\/diego\\\/\"}]}<\/script>\n<!-- \/ Yoast SEO plugin. -->","yoast_head_json":{"title":"LA POSICI\u00d3N DE ALEX DE LA IGLESIA RESPECTO A LA LEY SINDE - Tritio Publicidad","robots":{"index":"index","follow":"follow","max-snippet":"max-snippet:-1","max-image-preview":"max-image-preview:large","max-video-preview":"max-video-preview:-1"},"canonical":"https:\/\/www.tritiopublicidad.es\/blog\/alex-de-la-iglesia-y-la-ley-sinde\/","og_locale":"es_ES","og_type":"article","og_title":"LA POSICI\u00d3N DE ALEX DE LA IGLESIA RESPECTO A LA LEY SINDE - Tritio Publicidad","og_description":"Por la ciudad circulan rumores, rumores sobre todos los temas de actualidad. Bulos, informaciones mal interpretadas, comentarios mal intencionados y dem\u00e1s historias sin mucho fundamento que, d\u00eda a d\u00eda, van alimentando la aburrida existencia de los an\u00f3nimos. Recientemente, con la Ley Sinde y la dimisi\u00f3n de Alex de la Iglesia como presidente de la Academia [&hellip;]","og_url":"https:\/\/www.tritiopublicidad.es\/blog\/alex-de-la-iglesia-y-la-ley-sinde\/","og_site_name":"Tritio Publicidad","article_published_time":"2011-02-13T23:13:19+00:00","article_modified_time":"2016-07-13T10:21:57+00:00","og_image":[{"url":"https:\/\/www.tritiopublicidad.es\/blog\/wp-content\/uploads\/2011\/02\/AlexIglesiaGoya-644x362-300x168.jpg","type":"","width":"","height":""}],"author":"Admin 2","twitter_card":"summary_large_image","twitter_misc":{"Escrito por":"Admin 2","Tiempo de lectura":"3 minutos"},"schema":{"@context":"https:\/\/schema.org","@graph":[{"@type":"Article","@id":"https:\/\/www.tritiopublicidad.es\/blog\/alex-de-la-iglesia-y-la-ley-sinde\/#article","isPartOf":{"@id":"https:\/\/www.tritiopublicidad.es\/blog\/alex-de-la-iglesia-y-la-ley-sinde\/"},"author":{"name":"Admin 2","@id":"https:\/\/www.tritiopublicidad.es\/blog\/#\/schema\/person\/d4a82bb9a7d9c97655a00baff397ca61"},"headline":"LA POSICI\u00d3N DE ALEX DE LA IGLESIA RESPECTO A LA LEY SINDE","datePublished":"2011-02-13T23:13:19+00:00","dateModified":"2016-07-13T10:21:57+00:00","mainEntityOfPage":{"@id":"https:\/\/www.tritiopublicidad.es\/blog\/alex-de-la-iglesia-y-la-ley-sinde\/"},"wordCount":516,"commentCount":0,"image":{"@id":"https:\/\/www.tritiopublicidad.es\/blog\/alex-de-la-iglesia-y-la-ley-sinde\/#primaryimage"},"thumbnailUrl":"https:\/\/www.tritiopublicidad.es\/blog\/wp-content\/uploads\/2011\/02\/AlexIglesiaGoya-644x362-300x168.jpg","keywords":["ALEX","GOYA","IGLESIA","PP","PSOE","SINDE"],"articleSection":["Medios de Comunicaci\u00f3n"],"inLanguage":"es","potentialAction":[{"@type":"CommentAction","name":"Comment","target":["https:\/\/www.tritiopublicidad.es\/blog\/alex-de-la-iglesia-y-la-ley-sinde\/#respond"]}]},{"@type":"WebPage","@id":"https:\/\/www.tritiopublicidad.es\/blog\/alex-de-la-iglesia-y-la-ley-sinde\/","url":"https:\/\/www.tritiopublicidad.es\/blog\/alex-de-la-iglesia-y-la-ley-sinde\/","name":"LA POSICI\u00d3N DE ALEX DE LA IGLESIA RESPECTO A LA LEY SINDE - Tritio Publicidad","isPartOf":{"@id":"https:\/\/www.tritiopublicidad.es\/blog\/#website"},"primaryImageOfPage":{"@id":"https:\/\/www.tritiopublicidad.es\/blog\/alex-de-la-iglesia-y-la-ley-sinde\/#primaryimage"},"image":{"@id":"https:\/\/www.tritiopublicidad.es\/blog\/alex-de-la-iglesia-y-la-ley-sinde\/#primaryimage"},"thumbnailUrl":"https:\/\/www.tritiopublicidad.es\/blog\/wp-content\/uploads\/2011\/02\/AlexIglesiaGoya-644x362-300x168.jpg","datePublished":"2011-02-13T23:13:19+00:00","dateModified":"2016-07-13T10:21:57+00:00","author":{"@id":"https:\/\/www.tritiopublicidad.es\/blog\/#\/schema\/person\/d4a82bb9a7d9c97655a00baff397ca61"},"breadcrumb":{"@id":"https:\/\/www.tritiopublicidad.es\/blog\/alex-de-la-iglesia-y-la-ley-sinde\/#breadcrumb"},"inLanguage":"es","potentialAction":[{"@type":"ReadAction","target":["https:\/\/www.tritiopublicidad.es\/blog\/alex-de-la-iglesia-y-la-ley-sinde\/"]}]},{"@type":"ImageObject","inLanguage":"es","@id":"https:\/\/www.tritiopublicidad.es\/blog\/alex-de-la-iglesia-y-la-ley-sinde\/#primaryimage","url":"https:\/\/www.tritiopublicidad.es\/blog\/wp-content\/uploads\/2011\/02\/AlexIglesiaGoya-644x362.jpg","contentUrl":"https:\/\/www.tritiopublicidad.es\/blog\/wp-content\/uploads\/2011\/02\/AlexIglesiaGoya-644x362.jpg","width":"644","height":"362"},{"@type":"BreadcrumbList","@id":"https:\/\/www.tritiopublicidad.es\/blog\/alex-de-la-iglesia-y-la-ley-sinde\/#breadcrumb","itemListElement":[{"@type":"ListItem","position":1,"name":"Portada","item":"https:\/\/www.tritiopublicidad.es\/blog\/"},{"@type":"ListItem","position":2,"name":"LA POSICI\u00d3N DE ALEX DE LA IGLESIA RESPECTO A LA LEY SINDE"}]},{"@type":"WebSite","@id":"https:\/\/www.tritiopublicidad.es\/blog\/#website","url":"https:\/\/www.tritiopublicidad.es\/blog\/","name":"Tritio Publicidad","description":"Campa&ntilde;as, marketing y logotipos","potentialAction":[{"@type":"SearchAction","target":{"@type":"EntryPoint","urlTemplate":"https:\/\/www.tritiopublicidad.es\/blog\/?s={search_term_string}"},"query-input":{"@type":"PropertyValueSpecification","valueRequired":true,"valueName":"search_term_string"}}],"inLanguage":"es"},{"@type":"Person","@id":"https:\/\/www.tritiopublicidad.es\/blog\/#\/schema\/person\/d4a82bb9a7d9c97655a00baff397ca61","name":"Admin 2","image":{"@type":"ImageObject","inLanguage":"es","@id":"https:\/\/secure.gravatar.com\/avatar\/e36769033535f8ae2f95741cb281544c80c7e48721b032724ab85260265a1f02?s=96&d=mm&r=g","url":"https:\/\/secure.gravatar.com\/avatar\/e36769033535f8ae2f95741cb281544c80c7e48721b032724ab85260265a1f02?s=96&d=mm&r=g","contentUrl":"https:\/\/secure.gravatar.com\/avatar\/e36769033535f8ae2f95741cb281544c80c7e48721b032724ab85260265a1f02?s=96&d=mm&r=g","caption":"Admin 2"},"url":"https:\/\/www.tritiopublicidad.es\/blog\/author\/diego\/"}]}},"_links":{"self":[{"href":"https:\/\/www.tritiopublicidad.es\/blog\/wp-json\/wp\/v2\/posts\/1127","targetHints":{"allow":["GET"]}}],"collection":[{"href":"https:\/\/www.tritiopublicidad.es\/blog\/wp-json\/wp\/v2\/posts"}],"about":[{"href":"https:\/\/www.tritiopublicidad.es\/blog\/wp-json\/wp\/v2\/types\/post"}],"author":[{"embeddable":true,"href":"https:\/\/www.tritiopublicidad.es\/blog\/wp-json\/wp\/v2\/users\/2"}],"replies":[{"embeddable":true,"href":"https:\/\/www.tritiopublicidad.es\/blog\/wp-json\/wp\/v2\/comments?post=1127"}],"version-history":[{"count":1,"href":"https:\/\/www.tritiopublicidad.es\/blog\/wp-json\/wp\/v2\/posts\/1127\/revisions"}],"predecessor-version":[{"id":3360,"href":"https:\/\/www.tritiopublicidad.es\/blog\/wp-json\/wp\/v2\/posts\/1127\/revisions\/3360"}],"wp:attachment":[{"href":"https:\/\/www.tritiopublicidad.es\/blog\/wp-json\/wp\/v2\/media?parent=1127"}],"wp:term":[{"taxonomy":"category","embeddable":true,"href":"https:\/\/www.tritiopublicidad.es\/blog\/wp-json\/wp\/v2\/categories?post=1127"},{"taxonomy":"post_tag","embeddable":true,"href":"https:\/\/www.tritiopublicidad.es\/blog\/wp-json\/wp\/v2\/tags?post=1127"}],"curies":[{"name":"wp","href":"https:\/\/api.w.org\/{rel}","templated":true}]}}