{"id":1761,"date":"2011-12-14T10:18:56","date_gmt":"2011-12-14T09:18:56","guid":{"rendered":"https:\/\/www.tritiopublicidad.es\/blog\/?p=1761"},"modified":"2016-07-13T12:21:55","modified_gmt":"2016-07-13T10:21:55","slug":"diseno-finalista-en-concurso","status":"publish","type":"post","link":"https:\/\/www.tritiopublicidad.es\/blog\/diseno-finalista-en-concurso\/","title":{"rendered":"DISE\u00d1O FINALISTA EN CONCURSO"},"content":{"rendered":"<p style=\"text-align: center;\"><a href=\"https:\/\/www.tritiopublicidad.es\/blog\/wp-content\/uploads\/2011\/12\/Portada_AgendaJoven_2012.jpg\"><img fetchpriority=\"high\" decoding=\"async\" class=\"alignnone size-medium wp-image-1764\" title=\"Portada_AgendaJoven_2012\" src=\"https:\/\/www.tritiopublicidad.es\/blog\/wp-content\/uploads\/2011\/12\/Portada_AgendaJoven_2012-213x300.jpg\" alt=\"\" width=\"213\" height=\"300\" srcset=\"https:\/\/www.tritiopublicidad.es\/blog\/wp-content\/uploads\/2011\/12\/Portada_AgendaJoven_2012-213x300.jpg 213w, https:\/\/www.tritiopublicidad.es\/blog\/wp-content\/uploads\/2011\/12\/Portada_AgendaJoven_2012.jpg 546w\" sizes=\"(max-width: 213px) 100vw, 213px\" \/><\/a><\/p>\n<p style=\"text-align: center;\"><a href=\"https:\/\/www.tritiopublicidad.es\/blog\/wp-content\/uploads\/2011\/12\/Contraportada_AgendaJoven_2012.jpg\"><img decoding=\"async\" class=\"alignnone size-medium wp-image-1765\" title=\"Contraportada_AgendaJoven_2012\" src=\"https:\/\/www.tritiopublicidad.es\/blog\/wp-content\/uploads\/2011\/12\/Contraportada_AgendaJoven_2012-213x300.jpg\" alt=\"\" width=\"213\" height=\"300\" srcset=\"https:\/\/www.tritiopublicidad.es\/blog\/wp-content\/uploads\/2011\/12\/Contraportada_AgendaJoven_2012-213x300.jpg 213w, https:\/\/www.tritiopublicidad.es\/blog\/wp-content\/uploads\/2011\/12\/Contraportada_AgendaJoven_2012.jpg 546w\" sizes=\"(max-width: 213px) 100vw, 213px\" \/><\/a><\/p>\n<p>Muchos dicen que el segundo es el primero de los perdedores, y no les falta raz\u00f3n. Decid\u00ed presentarme al Concurso de la portada de la Agenda Joven 2012 de las comarcas aragonesas Rivera Baja del Ebro y Baix Arag\u00f3-Casp. Ten\u00eda\u00a0 esperanzas puestas en ganarlo pero no ha podido ser. El jurado al final se decant\u00f3 por otra portada.<\/p>\n<p>El mensaje que transmit\u00eda mi as\u00e9ptico dise\u00f1o trataba de reflejar la actual realidad que vivimos d\u00eda a d\u00eda. Desde que nos despertamos y gracias a los smartphone, vivimos en dos mundos. Adem\u00e1s de al mundo f\u00edsico que podemos ver y tocar,\u00a0 tambi\u00e9n pertenecemos a un mundo digital que se desarrolla en un limbo que muchos no llegamos a comprender por completo. En el trabajo con el port\u00e1til, en casa con el ordenador de sobremesa\u2026 Los aparatos en red nos permiten acceder a una inmensa telara\u00f1a de informaci\u00f3n y a personas que est\u00e1n viviendo en las ant\u00edpodas.<\/p>\n<p>Varios amigos se prestaron gustosos como modelos. Yo les promet\u00ed que no se les ver\u00edan las caras. M\u00e1s tarde, gracias al photoshop y a la inestimable ayuda de\u00a0<a href=\"http:\/\/www.ludesign.es\/\">http:\/\/www.ludesign.es\/<\/a> , les pude insertar unos cables de electricidad como si de cyborgs se tratara. Hice una especie de analog\u00eda entre la electricidad y la red. En la contraportada se pod\u00eda ver a las mismas personas pero durmiendo, desconectados literalmente de la dimensi\u00f3n cibern\u00e9tica. El mensaje de la zona inferior: \u201cCon\u00e9ctate\u201d incitaba a todos los lectores a entrometerse en las actividades de la comarca.<\/p>\n<p>Esa fue mi propuesta. No obtuvo recompensa pero sigo orgulloso de ella. Gracias.<\/p>\n<p>Diego Celma Herrando<\/p>\n","protected":false},"excerpt":{"rendered":"<p>Muchos dicen que el segundo es el primero de los perdedores, y no les falta raz\u00f3n. Decid\u00ed presentarme al Concurso de la portada de la Agenda Joven 2012 de las comarcas aragonesas Rivera Baja del Ebro y Baix Arag\u00f3-Casp. Ten\u00eda\u00a0 esperanzas puestas en ganarlo pero no ha podido ser. El jurado al final se decant\u00f3 [&hellip;]<\/p>\n","protected":false},"author":2,"featured_media":0,"comment_status":"open","ping_status":"open","sticky":false,"template":"","format":"standard","meta":{"footnotes":""},"categories":[19],"tags":[385,228,2142],"class_list":["post-1761","post","type-post","status-publish","format-standard","hentry","category-diseno-logotipos-y-naming","tag-385","tag-agenda","tag-joven"],"yoast_head":"<!-- This site is optimized with the Yoast SEO plugin v27.5 - https:\/\/yoast.com\/product\/yoast-seo-wordpress\/ -->\n<title>DISE\u00d1O FINALISTA EN CONCURSO - Tritio Publicidad<\/title>\n<meta name=\"robots\" content=\"index, follow, max-snippet:-1, max-image-preview:large, max-video-preview:-1\" \/>\n<link rel=\"canonical\" href=\"https:\/\/www.tritiopublicidad.es\/blog\/diseno-finalista-en-concurso\/\" \/>\n<meta property=\"og:locale\" content=\"es_ES\" \/>\n<meta property=\"og:type\" content=\"article\" \/>\n<meta property=\"og:title\" content=\"DISE\u00d1O FINALISTA EN CONCURSO - Tritio Publicidad\" \/>\n<meta property=\"og:description\" content=\"Muchos dicen que el segundo es el primero de los perdedores, y no les falta raz\u00f3n. Decid\u00ed presentarme al Concurso de la portada de la Agenda Joven 2012 de las comarcas aragonesas Rivera Baja del Ebro y Baix Arag\u00f3-Casp. Ten\u00eda\u00a0 esperanzas puestas en ganarlo pero no ha podido ser. El jurado al final se decant\u00f3 [&hellip;]\" \/>\n<meta property=\"og:url\" content=\"https:\/\/www.tritiopublicidad.es\/blog\/diseno-finalista-en-concurso\/\" \/>\n<meta property=\"og:site_name\" content=\"Tritio Publicidad\" \/>\n<meta property=\"article:published_time\" content=\"2011-12-14T09:18:56+00:00\" \/>\n<meta property=\"article:modified_time\" content=\"2016-07-13T10:21:55+00:00\" \/>\n<meta property=\"og:image\" content=\"https:\/\/www.tritiopublicidad.es\/blog\/wp-content\/uploads\/2011\/12\/Portada_AgendaJoven_2012-213x300.jpg\" \/>\n<meta name=\"author\" content=\"Admin 2\" \/>\n<meta name=\"twitter:card\" content=\"summary_large_image\" \/>\n<meta name=\"twitter:label1\" content=\"Escrito por\" \/>\n\t<meta name=\"twitter:data1\" content=\"Admin 2\" \/>\n\t<meta name=\"twitter:label2\" content=\"Tiempo de lectura\" \/>\n\t<meta name=\"twitter:data2\" content=\"1 minuto\" \/>\n<script type=\"application\/ld+json\" class=\"yoast-schema-graph\">{\"@context\":\"https:\\\/\\\/schema.org\",\"@graph\":[{\"@type\":\"Article\",\"@id\":\"https:\\\/\\\/www.tritiopublicidad.es\\\/blog\\\/diseno-finalista-en-concurso\\\/#article\",\"isPartOf\":{\"@id\":\"https:\\\/\\\/www.tritiopublicidad.es\\\/blog\\\/diseno-finalista-en-concurso\\\/\"},\"author\":{\"name\":\"Admin 2\",\"@id\":\"https:\\\/\\\/www.tritiopublicidad.es\\\/blog\\\/#\\\/schema\\\/person\\\/d4a82bb9a7d9c97655a00baff397ca61\"},\"headline\":\"DISE\u00d1O FINALISTA EN CONCURSO\",\"datePublished\":\"2011-12-14T09:18:56+00:00\",\"dateModified\":\"2016-07-13T10:21:55+00:00\",\"mainEntityOfPage\":{\"@id\":\"https:\\\/\\\/www.tritiopublicidad.es\\\/blog\\\/diseno-finalista-en-concurso\\\/\"},\"wordCount\":291,\"commentCount\":0,\"image\":{\"@id\":\"https:\\\/\\\/www.tritiopublicidad.es\\\/blog\\\/diseno-finalista-en-concurso\\\/#primaryimage\"},\"thumbnailUrl\":\"https:\\\/\\\/www.tritiopublicidad.es\\\/blog\\\/wp-content\\\/uploads\\\/2011\\\/12\\\/Portada_AgendaJoven_2012-213x300.jpg\",\"keywords\":[\"2012\",\"AGENDA\",\"JOVEN\"],\"articleSection\":[\"Dise\u00f1o, Logotipos y Naming\"],\"inLanguage\":\"es\",\"potentialAction\":[{\"@type\":\"CommentAction\",\"name\":\"Comment\",\"target\":[\"https:\\\/\\\/www.tritiopublicidad.es\\\/blog\\\/diseno-finalista-en-concurso\\\/#respond\"]}]},{\"@type\":\"WebPage\",\"@id\":\"https:\\\/\\\/www.tritiopublicidad.es\\\/blog\\\/diseno-finalista-en-concurso\\\/\",\"url\":\"https:\\\/\\\/www.tritiopublicidad.es\\\/blog\\\/diseno-finalista-en-concurso\\\/\",\"name\":\"DISE\u00d1O FINALISTA EN CONCURSO - Tritio Publicidad\",\"isPartOf\":{\"@id\":\"https:\\\/\\\/www.tritiopublicidad.es\\\/blog\\\/#website\"},\"primaryImageOfPage\":{\"@id\":\"https:\\\/\\\/www.tritiopublicidad.es\\\/blog\\\/diseno-finalista-en-concurso\\\/#primaryimage\"},\"image\":{\"@id\":\"https:\\\/\\\/www.tritiopublicidad.es\\\/blog\\\/diseno-finalista-en-concurso\\\/#primaryimage\"},\"thumbnailUrl\":\"https:\\\/\\\/www.tritiopublicidad.es\\\/blog\\\/wp-content\\\/uploads\\\/2011\\\/12\\\/Portada_AgendaJoven_2012-213x300.jpg\",\"datePublished\":\"2011-12-14T09:18:56+00:00\",\"dateModified\":\"2016-07-13T10:21:55+00:00\",\"author\":{\"@id\":\"https:\\\/\\\/www.tritiopublicidad.es\\\/blog\\\/#\\\/schema\\\/person\\\/d4a82bb9a7d9c97655a00baff397ca61\"},\"breadcrumb\":{\"@id\":\"https:\\\/\\\/www.tritiopublicidad.es\\\/blog\\\/diseno-finalista-en-concurso\\\/#breadcrumb\"},\"inLanguage\":\"es\",\"potentialAction\":[{\"@type\":\"ReadAction\",\"target\":[\"https:\\\/\\\/www.tritiopublicidad.es\\\/blog\\\/diseno-finalista-en-concurso\\\/\"]}]},{\"@type\":\"ImageObject\",\"inLanguage\":\"es\",\"@id\":\"https:\\\/\\\/www.tritiopublicidad.es\\\/blog\\\/diseno-finalista-en-concurso\\\/#primaryimage\",\"url\":\"https:\\\/\\\/www.tritiopublicidad.es\\\/blog\\\/wp-content\\\/uploads\\\/2011\\\/12\\\/Portada_AgendaJoven_2012.jpg\",\"contentUrl\":\"https:\\\/\\\/www.tritiopublicidad.es\\\/blog\\\/wp-content\\\/uploads\\\/2011\\\/12\\\/Portada_AgendaJoven_2012.jpg\",\"width\":\"546\",\"height\":\"766\"},{\"@type\":\"BreadcrumbList\",\"@id\":\"https:\\\/\\\/www.tritiopublicidad.es\\\/blog\\\/diseno-finalista-en-concurso\\\/#breadcrumb\",\"itemListElement\":[{\"@type\":\"ListItem\",\"position\":1,\"name\":\"Portada\",\"item\":\"https:\\\/\\\/www.tritiopublicidad.es\\\/blog\\\/\"},{\"@type\":\"ListItem\",\"position\":2,\"name\":\"DISE\u00d1O FINALISTA EN CONCURSO\"}]},{\"@type\":\"WebSite\",\"@id\":\"https:\\\/\\\/www.tritiopublicidad.es\\\/blog\\\/#website\",\"url\":\"https:\\\/\\\/www.tritiopublicidad.es\\\/blog\\\/\",\"name\":\"Tritio Publicidad\",\"description\":\"Campa&ntilde;as, marketing y logotipos\",\"potentialAction\":[{\"@type\":\"SearchAction\",\"target\":{\"@type\":\"EntryPoint\",\"urlTemplate\":\"https:\\\/\\\/www.tritiopublicidad.es\\\/blog\\\/?s={search_term_string}\"},\"query-input\":{\"@type\":\"PropertyValueSpecification\",\"valueRequired\":true,\"valueName\":\"search_term_string\"}}],\"inLanguage\":\"es\"},{\"@type\":\"Person\",\"@id\":\"https:\\\/\\\/www.tritiopublicidad.es\\\/blog\\\/#\\\/schema\\\/person\\\/d4a82bb9a7d9c97655a00baff397ca61\",\"name\":\"Admin 2\",\"image\":{\"@type\":\"ImageObject\",\"inLanguage\":\"es\",\"@id\":\"https:\\\/\\\/secure.gravatar.com\\\/avatar\\\/e36769033535f8ae2f95741cb281544c80c7e48721b032724ab85260265a1f02?s=96&d=mm&r=g\",\"url\":\"https:\\\/\\\/secure.gravatar.com\\\/avatar\\\/e36769033535f8ae2f95741cb281544c80c7e48721b032724ab85260265a1f02?s=96&d=mm&r=g\",\"contentUrl\":\"https:\\\/\\\/secure.gravatar.com\\\/avatar\\\/e36769033535f8ae2f95741cb281544c80c7e48721b032724ab85260265a1f02?s=96&d=mm&r=g\",\"caption\":\"Admin 2\"},\"url\":\"https:\\\/\\\/www.tritiopublicidad.es\\\/blog\\\/author\\\/diego\\\/\"}]}<\/script>\n<!-- \/ Yoast SEO plugin. -->","yoast_head_json":{"title":"DISE\u00d1O FINALISTA EN CONCURSO - Tritio Publicidad","robots":{"index":"index","follow":"follow","max-snippet":"max-snippet:-1","max-image-preview":"max-image-preview:large","max-video-preview":"max-video-preview:-1"},"canonical":"https:\/\/www.tritiopublicidad.es\/blog\/diseno-finalista-en-concurso\/","og_locale":"es_ES","og_type":"article","og_title":"DISE\u00d1O FINALISTA EN CONCURSO - Tritio Publicidad","og_description":"Muchos dicen que el segundo es el primero de los perdedores, y no les falta raz\u00f3n. Decid\u00ed presentarme al Concurso de la portada de la Agenda Joven 2012 de las comarcas aragonesas Rivera Baja del Ebro y Baix Arag\u00f3-Casp. Ten\u00eda\u00a0 esperanzas puestas en ganarlo pero no ha podido ser. El jurado al final se decant\u00f3 [&hellip;]","og_url":"https:\/\/www.tritiopublicidad.es\/blog\/diseno-finalista-en-concurso\/","og_site_name":"Tritio Publicidad","article_published_time":"2011-12-14T09:18:56+00:00","article_modified_time":"2016-07-13T10:21:55+00:00","og_image":[{"url":"https:\/\/www.tritiopublicidad.es\/blog\/wp-content\/uploads\/2011\/12\/Portada_AgendaJoven_2012-213x300.jpg","type":"","width":"","height":""}],"author":"Admin 2","twitter_card":"summary_large_image","twitter_misc":{"Escrito por":"Admin 2","Tiempo de lectura":"1 minuto"},"schema":{"@context":"https:\/\/schema.org","@graph":[{"@type":"Article","@id":"https:\/\/www.tritiopublicidad.es\/blog\/diseno-finalista-en-concurso\/#article","isPartOf":{"@id":"https:\/\/www.tritiopublicidad.es\/blog\/diseno-finalista-en-concurso\/"},"author":{"name":"Admin 2","@id":"https:\/\/www.tritiopublicidad.es\/blog\/#\/schema\/person\/d4a82bb9a7d9c97655a00baff397ca61"},"headline":"DISE\u00d1O FINALISTA EN CONCURSO","datePublished":"2011-12-14T09:18:56+00:00","dateModified":"2016-07-13T10:21:55+00:00","mainEntityOfPage":{"@id":"https:\/\/www.tritiopublicidad.es\/blog\/diseno-finalista-en-concurso\/"},"wordCount":291,"commentCount":0,"image":{"@id":"https:\/\/www.tritiopublicidad.es\/blog\/diseno-finalista-en-concurso\/#primaryimage"},"thumbnailUrl":"https:\/\/www.tritiopublicidad.es\/blog\/wp-content\/uploads\/2011\/12\/Portada_AgendaJoven_2012-213x300.jpg","keywords":["2012","AGENDA","JOVEN"],"articleSection":["Dise\u00f1o, Logotipos y Naming"],"inLanguage":"es","potentialAction":[{"@type":"CommentAction","name":"Comment","target":["https:\/\/www.tritiopublicidad.es\/blog\/diseno-finalista-en-concurso\/#respond"]}]},{"@type":"WebPage","@id":"https:\/\/www.tritiopublicidad.es\/blog\/diseno-finalista-en-concurso\/","url":"https:\/\/www.tritiopublicidad.es\/blog\/diseno-finalista-en-concurso\/","name":"DISE\u00d1O FINALISTA EN CONCURSO - Tritio Publicidad","isPartOf":{"@id":"https:\/\/www.tritiopublicidad.es\/blog\/#website"},"primaryImageOfPage":{"@id":"https:\/\/www.tritiopublicidad.es\/blog\/diseno-finalista-en-concurso\/#primaryimage"},"image":{"@id":"https:\/\/www.tritiopublicidad.es\/blog\/diseno-finalista-en-concurso\/#primaryimage"},"thumbnailUrl":"https:\/\/www.tritiopublicidad.es\/blog\/wp-content\/uploads\/2011\/12\/Portada_AgendaJoven_2012-213x300.jpg","datePublished":"2011-12-14T09:18:56+00:00","dateModified":"2016-07-13T10:21:55+00:00","author":{"@id":"https:\/\/www.tritiopublicidad.es\/blog\/#\/schema\/person\/d4a82bb9a7d9c97655a00baff397ca61"},"breadcrumb":{"@id":"https:\/\/www.tritiopublicidad.es\/blog\/diseno-finalista-en-concurso\/#breadcrumb"},"inLanguage":"es","potentialAction":[{"@type":"ReadAction","target":["https:\/\/www.tritiopublicidad.es\/blog\/diseno-finalista-en-concurso\/"]}]},{"@type":"ImageObject","inLanguage":"es","@id":"https:\/\/www.tritiopublicidad.es\/blog\/diseno-finalista-en-concurso\/#primaryimage","url":"https:\/\/www.tritiopublicidad.es\/blog\/wp-content\/uploads\/2011\/12\/Portada_AgendaJoven_2012.jpg","contentUrl":"https:\/\/www.tritiopublicidad.es\/blog\/wp-content\/uploads\/2011\/12\/Portada_AgendaJoven_2012.jpg","width":"546","height":"766"},{"@type":"BreadcrumbList","@id":"https:\/\/www.tritiopublicidad.es\/blog\/diseno-finalista-en-concurso\/#breadcrumb","itemListElement":[{"@type":"ListItem","position":1,"name":"Portada","item":"https:\/\/www.tritiopublicidad.es\/blog\/"},{"@type":"ListItem","position":2,"name":"DISE\u00d1O FINALISTA EN CONCURSO"}]},{"@type":"WebSite","@id":"https:\/\/www.tritiopublicidad.es\/blog\/#website","url":"https:\/\/www.tritiopublicidad.es\/blog\/","name":"Tritio Publicidad","description":"Campa&ntilde;as, marketing y logotipos","potentialAction":[{"@type":"SearchAction","target":{"@type":"EntryPoint","urlTemplate":"https:\/\/www.tritiopublicidad.es\/blog\/?s={search_term_string}"},"query-input":{"@type":"PropertyValueSpecification","valueRequired":true,"valueName":"search_term_string"}}],"inLanguage":"es"},{"@type":"Person","@id":"https:\/\/www.tritiopublicidad.es\/blog\/#\/schema\/person\/d4a82bb9a7d9c97655a00baff397ca61","name":"Admin 2","image":{"@type":"ImageObject","inLanguage":"es","@id":"https:\/\/secure.gravatar.com\/avatar\/e36769033535f8ae2f95741cb281544c80c7e48721b032724ab85260265a1f02?s=96&d=mm&r=g","url":"https:\/\/secure.gravatar.com\/avatar\/e36769033535f8ae2f95741cb281544c80c7e48721b032724ab85260265a1f02?s=96&d=mm&r=g","contentUrl":"https:\/\/secure.gravatar.com\/avatar\/e36769033535f8ae2f95741cb281544c80c7e48721b032724ab85260265a1f02?s=96&d=mm&r=g","caption":"Admin 2"},"url":"https:\/\/www.tritiopublicidad.es\/blog\/author\/diego\/"}]}},"_links":{"self":[{"href":"https:\/\/www.tritiopublicidad.es\/blog\/wp-json\/wp\/v2\/posts\/1761","targetHints":{"allow":["GET"]}}],"collection":[{"href":"https:\/\/www.tritiopublicidad.es\/blog\/wp-json\/wp\/v2\/posts"}],"about":[{"href":"https:\/\/www.tritiopublicidad.es\/blog\/wp-json\/wp\/v2\/types\/post"}],"author":[{"embeddable":true,"href":"https:\/\/www.tritiopublicidad.es\/blog\/wp-json\/wp\/v2\/users\/2"}],"replies":[{"embeddable":true,"href":"https:\/\/www.tritiopublicidad.es\/blog\/wp-json\/wp\/v2\/comments?post=1761"}],"version-history":[{"count":1,"href":"https:\/\/www.tritiopublicidad.es\/blog\/wp-json\/wp\/v2\/posts\/1761\/revisions"}],"predecessor-version":[{"id":3259,"href":"https:\/\/www.tritiopublicidad.es\/blog\/wp-json\/wp\/v2\/posts\/1761\/revisions\/3259"}],"wp:attachment":[{"href":"https:\/\/www.tritiopublicidad.es\/blog\/wp-json\/wp\/v2\/media?parent=1761"}],"wp:term":[{"taxonomy":"category","embeddable":true,"href":"https:\/\/www.tritiopublicidad.es\/blog\/wp-json\/wp\/v2\/categories?post=1761"},{"taxonomy":"post_tag","embeddable":true,"href":"https:\/\/www.tritiopublicidad.es\/blog\/wp-json\/wp\/v2\/tags?post=1761"}],"curies":[{"name":"wp","href":"https:\/\/api.w.org\/{rel}","templated":true}]}}