{"id":1769,"date":"2011-12-17T08:19:05","date_gmt":"2011-12-17T07:19:05","guid":{"rendered":"https:\/\/www.tritiopublicidad.es\/blog\/?p=1769"},"modified":"2016-07-13T12:21:55","modified_gmt":"2016-07-13T10:21:55","slug":"plaza-imperial-cambia-de-logotipo","status":"publish","type":"post","link":"https:\/\/www.tritiopublicidad.es\/blog\/plaza-imperial-cambia-de-logotipo\/","title":{"rendered":"PLAZA IMPERIAL CAMBIA DE LOGOTIPO"},"content":{"rendered":"<p style=\"text-align: center;\"><a href=\"https:\/\/www.tritiopublicidad.es\/blog\/wp-content\/uploads\/2011\/12\/52763713.jpg\"><img decoding=\"async\" class=\"alignnone size-full wp-image-1770\" title=\"52763713\" src=\"https:\/\/www.tritiopublicidad.es\/blog\/wp-content\/uploads\/2011\/12\/52763713.jpg\" alt=\"\" width=\"275\" height=\"177\" \/><\/a><\/p>\n<p>Sobrevivir es el mayor logro de decenas de miles de empresas europeas que est\u00e1n ahogadas por esta crisis que se est\u00e1 eternizando por momentos. Muchas tiendas y peque\u00f1os negocios abren cada d\u00eda con la esperanza de, al menos, cubrir gastos. Imag\u00ednense cuando ya no se trata de una aventura con controladas p\u00e9rdidas econ\u00f3micas sino de una macroproyecto comercial con decenas de establecimientos, cientos de empleados y un vasto aparcamiento para llenar cada tarde.<\/p>\n<p>Plaza Imperial se abri\u00f3 hace 4 a\u00f1os al lado de la Plataforma Log\u00edstica de Zaragoza y de la Feria de Muestras. Decathlon, Fnac, Primark, El Corte Ingl\u00e9s, Fosters Hollywood, McDonalds, Zara\u2026 El tir\u00f3n de las marcas importantes ha arrastrado todos estos a\u00f1os a cientos de miles de clientes pero claro, muchos de ellos no se gastan ya el dinero que hace cinco a\u00f1os despilfarraban. Por eso Plaza Imperial va aguantando a\u00f1o tras a\u00f1o con la vista puesta en el fin de la crisis. Las cosas no est\u00e1n tan mal si hacemos comparaciones, Aragonia abri\u00f3 en medio de la crisis y ya veremos si aguanta viva hasta que pase la tormenta.<\/p>\n<p>\u00bfPero qu\u00e9 pasar\u00eda si cuando la crisis se acabase, otro gran centro comercial m\u00e1s pr\u00f3ximo a Zaragoza abriera sus puertas? Ser\u00eda muy injusto que tras a\u00f1os y a\u00f1os resistiendo viniera el nuevo y se llevara todo el pastel. El centro de shopping Puerto Venecia tiene prevista su apertura para dentro de un a\u00f1o y quiere aterrizar como \u201cel nuevo\u201d. El tiempo nos dar\u00e1 la respuesta.<\/p>\n<p>Mientras tanto Plaza Imperial ya ha tomado cartas en el asunto y ha cambiado su imagen corporativa. Un Z de fantas\u00eda sustituye a la policromada estrella dise\u00f1ada por la Agencia Cubo. El cambio de imagen se ha promocionado en lugares de tr\u00e1nsito como la calle Alfonso I con azafatos ataviados con coloridas indumentarias y paraguas estampados con la Z. Plaza est\u00e1 tratando de forjar una imagen fuerte y de fidelizar a sus actuales clientes para que en un futuro se acuerden de este centro comercial que ha sido lugar de inolvidables experiencias en familia, chollos en las rebajas y preciosas pel\u00edculas en 3 dimensiones.<\/p>\n<p>Diego Celma Herrando<\/p>\n<p>Imagen: panoramio<\/p>\n","protected":false},"excerpt":{"rendered":"<p>Sobrevivir es el mayor logro de decenas de miles de empresas europeas que est\u00e1n ahogadas por esta crisis que se est\u00e1 eternizando por momentos. Muchas tiendas y peque\u00f1os negocios abren cada d\u00eda con la esperanza de, al menos, cubrir gastos. Imag\u00ednense cuando ya no se trata de una aventura con controladas p\u00e9rdidas econ\u00f3micas sino de [&hellip;]<\/p>\n","protected":false},"author":2,"featured_media":0,"comment_status":"open","ping_status":"open","sticky":false,"template":"","format":"standard","meta":{"footnotes":""},"categories":[19],"tags":[2145,2143,2144],"class_list":["post-1769","post","type-post","status-publish","format-standard","hentry","category-diseno-logotipos-y-naming","tag-imperial","tag-logotipo","tag-plaza"],"yoast_head":"<!-- This site is optimized with the Yoast SEO plugin v27.5 - https:\/\/yoast.com\/product\/yoast-seo-wordpress\/ -->\n<title>PLAZA IMPERIAL CAMBIA DE LOGOTIPO - Tritio Publicidad<\/title>\n<meta name=\"robots\" content=\"index, follow, max-snippet:-1, max-image-preview:large, max-video-preview:-1\" \/>\n<link rel=\"canonical\" href=\"https:\/\/www.tritiopublicidad.es\/blog\/plaza-imperial-cambia-de-logotipo\/\" \/>\n<meta property=\"og:locale\" content=\"es_ES\" \/>\n<meta property=\"og:type\" content=\"article\" \/>\n<meta property=\"og:title\" content=\"PLAZA IMPERIAL CAMBIA DE LOGOTIPO - Tritio Publicidad\" \/>\n<meta property=\"og:description\" content=\"Sobrevivir es el mayor logro de decenas de miles de empresas europeas que est\u00e1n ahogadas por esta crisis que se est\u00e1 eternizando por momentos. Muchas tiendas y peque\u00f1os negocios abren cada d\u00eda con la esperanza de, al menos, cubrir gastos. Imag\u00ednense cuando ya no se trata de una aventura con controladas p\u00e9rdidas econ\u00f3micas sino de [&hellip;]\" \/>\n<meta property=\"og:url\" content=\"https:\/\/www.tritiopublicidad.es\/blog\/plaza-imperial-cambia-de-logotipo\/\" \/>\n<meta property=\"og:site_name\" content=\"Tritio Publicidad\" \/>\n<meta property=\"article:published_time\" content=\"2011-12-17T07:19:05+00:00\" \/>\n<meta property=\"article:modified_time\" content=\"2016-07-13T10:21:55+00:00\" \/>\n<meta property=\"og:image\" content=\"https:\/\/www.tritiopublicidad.es\/blog\/wp-content\/uploads\/2011\/12\/52763713.jpg\" \/>\n<meta name=\"author\" content=\"Admin 2\" \/>\n<meta name=\"twitter:card\" content=\"summary_large_image\" \/>\n<meta name=\"twitter:label1\" content=\"Escrito por\" \/>\n\t<meta name=\"twitter:data1\" content=\"Admin 2\" \/>\n\t<meta name=\"twitter:label2\" content=\"Tiempo de lectura\" \/>\n\t<meta name=\"twitter:data2\" content=\"2 minutos\" \/>\n<script type=\"application\/ld+json\" class=\"yoast-schema-graph\">{\"@context\":\"https:\\\/\\\/schema.org\",\"@graph\":[{\"@type\":\"Article\",\"@id\":\"https:\\\/\\\/www.tritiopublicidad.es\\\/blog\\\/plaza-imperial-cambia-de-logotipo\\\/#article\",\"isPartOf\":{\"@id\":\"https:\\\/\\\/www.tritiopublicidad.es\\\/blog\\\/plaza-imperial-cambia-de-logotipo\\\/\"},\"author\":{\"name\":\"Admin 2\",\"@id\":\"https:\\\/\\\/www.tritiopublicidad.es\\\/blog\\\/#\\\/schema\\\/person\\\/d4a82bb9a7d9c97655a00baff397ca61\"},\"headline\":\"PLAZA IMPERIAL CAMBIA DE LOGOTIPO\",\"datePublished\":\"2011-12-17T07:19:05+00:00\",\"dateModified\":\"2016-07-13T10:21:55+00:00\",\"mainEntityOfPage\":{\"@id\":\"https:\\\/\\\/www.tritiopublicidad.es\\\/blog\\\/plaza-imperial-cambia-de-logotipo\\\/\"},\"wordCount\":386,\"commentCount\":0,\"image\":{\"@id\":\"https:\\\/\\\/www.tritiopublicidad.es\\\/blog\\\/plaza-imperial-cambia-de-logotipo\\\/#primaryimage\"},\"thumbnailUrl\":\"https:\\\/\\\/www.tritiopublicidad.es\\\/blog\\\/wp-content\\\/uploads\\\/2011\\\/12\\\/52763713.jpg\",\"keywords\":[\"IMPERIAL\",\"LOGOTIPO\",\"PLAZA\"],\"articleSection\":[\"Dise\u00f1o, Logotipos y Naming\"],\"inLanguage\":\"es\",\"potentialAction\":[{\"@type\":\"CommentAction\",\"name\":\"Comment\",\"target\":[\"https:\\\/\\\/www.tritiopublicidad.es\\\/blog\\\/plaza-imperial-cambia-de-logotipo\\\/#respond\"]}]},{\"@type\":\"WebPage\",\"@id\":\"https:\\\/\\\/www.tritiopublicidad.es\\\/blog\\\/plaza-imperial-cambia-de-logotipo\\\/\",\"url\":\"https:\\\/\\\/www.tritiopublicidad.es\\\/blog\\\/plaza-imperial-cambia-de-logotipo\\\/\",\"name\":\"PLAZA IMPERIAL CAMBIA DE LOGOTIPO - Tritio Publicidad\",\"isPartOf\":{\"@id\":\"https:\\\/\\\/www.tritiopublicidad.es\\\/blog\\\/#website\"},\"primaryImageOfPage\":{\"@id\":\"https:\\\/\\\/www.tritiopublicidad.es\\\/blog\\\/plaza-imperial-cambia-de-logotipo\\\/#primaryimage\"},\"image\":{\"@id\":\"https:\\\/\\\/www.tritiopublicidad.es\\\/blog\\\/plaza-imperial-cambia-de-logotipo\\\/#primaryimage\"},\"thumbnailUrl\":\"https:\\\/\\\/www.tritiopublicidad.es\\\/blog\\\/wp-content\\\/uploads\\\/2011\\\/12\\\/52763713.jpg\",\"datePublished\":\"2011-12-17T07:19:05+00:00\",\"dateModified\":\"2016-07-13T10:21:55+00:00\",\"author\":{\"@id\":\"https:\\\/\\\/www.tritiopublicidad.es\\\/blog\\\/#\\\/schema\\\/person\\\/d4a82bb9a7d9c97655a00baff397ca61\"},\"breadcrumb\":{\"@id\":\"https:\\\/\\\/www.tritiopublicidad.es\\\/blog\\\/plaza-imperial-cambia-de-logotipo\\\/#breadcrumb\"},\"inLanguage\":\"es\",\"potentialAction\":[{\"@type\":\"ReadAction\",\"target\":[\"https:\\\/\\\/www.tritiopublicidad.es\\\/blog\\\/plaza-imperial-cambia-de-logotipo\\\/\"]}]},{\"@type\":\"ImageObject\",\"inLanguage\":\"es\",\"@id\":\"https:\\\/\\\/www.tritiopublicidad.es\\\/blog\\\/plaza-imperial-cambia-de-logotipo\\\/#primaryimage\",\"url\":\"https:\\\/\\\/www.tritiopublicidad.es\\\/blog\\\/wp-content\\\/uploads\\\/2011\\\/12\\\/52763713.jpg\",\"contentUrl\":\"https:\\\/\\\/www.tritiopublicidad.es\\\/blog\\\/wp-content\\\/uploads\\\/2011\\\/12\\\/52763713.jpg\"},{\"@type\":\"BreadcrumbList\",\"@id\":\"https:\\\/\\\/www.tritiopublicidad.es\\\/blog\\\/plaza-imperial-cambia-de-logotipo\\\/#breadcrumb\",\"itemListElement\":[{\"@type\":\"ListItem\",\"position\":1,\"name\":\"Portada\",\"item\":\"https:\\\/\\\/www.tritiopublicidad.es\\\/blog\\\/\"},{\"@type\":\"ListItem\",\"position\":2,\"name\":\"PLAZA IMPERIAL CAMBIA DE LOGOTIPO\"}]},{\"@type\":\"WebSite\",\"@id\":\"https:\\\/\\\/www.tritiopublicidad.es\\\/blog\\\/#website\",\"url\":\"https:\\\/\\\/www.tritiopublicidad.es\\\/blog\\\/\",\"name\":\"Tritio Publicidad\",\"description\":\"Campa&ntilde;as, marketing y logotipos\",\"potentialAction\":[{\"@type\":\"SearchAction\",\"target\":{\"@type\":\"EntryPoint\",\"urlTemplate\":\"https:\\\/\\\/www.tritiopublicidad.es\\\/blog\\\/?s={search_term_string}\"},\"query-input\":{\"@type\":\"PropertyValueSpecification\",\"valueRequired\":true,\"valueName\":\"search_term_string\"}}],\"inLanguage\":\"es\"},{\"@type\":\"Person\",\"@id\":\"https:\\\/\\\/www.tritiopublicidad.es\\\/blog\\\/#\\\/schema\\\/person\\\/d4a82bb9a7d9c97655a00baff397ca61\",\"name\":\"Admin 2\",\"image\":{\"@type\":\"ImageObject\",\"inLanguage\":\"es\",\"@id\":\"https:\\\/\\\/secure.gravatar.com\\\/avatar\\\/e36769033535f8ae2f95741cb281544c80c7e48721b032724ab85260265a1f02?s=96&d=mm&r=g\",\"url\":\"https:\\\/\\\/secure.gravatar.com\\\/avatar\\\/e36769033535f8ae2f95741cb281544c80c7e48721b032724ab85260265a1f02?s=96&d=mm&r=g\",\"contentUrl\":\"https:\\\/\\\/secure.gravatar.com\\\/avatar\\\/e36769033535f8ae2f95741cb281544c80c7e48721b032724ab85260265a1f02?s=96&d=mm&r=g\",\"caption\":\"Admin 2\"},\"url\":\"https:\\\/\\\/www.tritiopublicidad.es\\\/blog\\\/author\\\/diego\\\/\"}]}<\/script>\n<!-- \/ Yoast SEO plugin. -->","yoast_head_json":{"title":"PLAZA IMPERIAL CAMBIA DE LOGOTIPO - Tritio Publicidad","robots":{"index":"index","follow":"follow","max-snippet":"max-snippet:-1","max-image-preview":"max-image-preview:large","max-video-preview":"max-video-preview:-1"},"canonical":"https:\/\/www.tritiopublicidad.es\/blog\/plaza-imperial-cambia-de-logotipo\/","og_locale":"es_ES","og_type":"article","og_title":"PLAZA IMPERIAL CAMBIA DE LOGOTIPO - Tritio Publicidad","og_description":"Sobrevivir es el mayor logro de decenas de miles de empresas europeas que est\u00e1n ahogadas por esta crisis que se est\u00e1 eternizando por momentos. Muchas tiendas y peque\u00f1os negocios abren cada d\u00eda con la esperanza de, al menos, cubrir gastos. Imag\u00ednense cuando ya no se trata de una aventura con controladas p\u00e9rdidas econ\u00f3micas sino de [&hellip;]","og_url":"https:\/\/www.tritiopublicidad.es\/blog\/plaza-imperial-cambia-de-logotipo\/","og_site_name":"Tritio Publicidad","article_published_time":"2011-12-17T07:19:05+00:00","article_modified_time":"2016-07-13T10:21:55+00:00","og_image":[{"url":"https:\/\/www.tritiopublicidad.es\/blog\/wp-content\/uploads\/2011\/12\/52763713.jpg","type":"","width":"","height":""}],"author":"Admin 2","twitter_card":"summary_large_image","twitter_misc":{"Escrito por":"Admin 2","Tiempo de lectura":"2 minutos"},"schema":{"@context":"https:\/\/schema.org","@graph":[{"@type":"Article","@id":"https:\/\/www.tritiopublicidad.es\/blog\/plaza-imperial-cambia-de-logotipo\/#article","isPartOf":{"@id":"https:\/\/www.tritiopublicidad.es\/blog\/plaza-imperial-cambia-de-logotipo\/"},"author":{"name":"Admin 2","@id":"https:\/\/www.tritiopublicidad.es\/blog\/#\/schema\/person\/d4a82bb9a7d9c97655a00baff397ca61"},"headline":"PLAZA IMPERIAL CAMBIA DE LOGOTIPO","datePublished":"2011-12-17T07:19:05+00:00","dateModified":"2016-07-13T10:21:55+00:00","mainEntityOfPage":{"@id":"https:\/\/www.tritiopublicidad.es\/blog\/plaza-imperial-cambia-de-logotipo\/"},"wordCount":386,"commentCount":0,"image":{"@id":"https:\/\/www.tritiopublicidad.es\/blog\/plaza-imperial-cambia-de-logotipo\/#primaryimage"},"thumbnailUrl":"https:\/\/www.tritiopublicidad.es\/blog\/wp-content\/uploads\/2011\/12\/52763713.jpg","keywords":["IMPERIAL","LOGOTIPO","PLAZA"],"articleSection":["Dise\u00f1o, Logotipos y Naming"],"inLanguage":"es","potentialAction":[{"@type":"CommentAction","name":"Comment","target":["https:\/\/www.tritiopublicidad.es\/blog\/plaza-imperial-cambia-de-logotipo\/#respond"]}]},{"@type":"WebPage","@id":"https:\/\/www.tritiopublicidad.es\/blog\/plaza-imperial-cambia-de-logotipo\/","url":"https:\/\/www.tritiopublicidad.es\/blog\/plaza-imperial-cambia-de-logotipo\/","name":"PLAZA IMPERIAL CAMBIA DE LOGOTIPO - Tritio Publicidad","isPartOf":{"@id":"https:\/\/www.tritiopublicidad.es\/blog\/#website"},"primaryImageOfPage":{"@id":"https:\/\/www.tritiopublicidad.es\/blog\/plaza-imperial-cambia-de-logotipo\/#primaryimage"},"image":{"@id":"https:\/\/www.tritiopublicidad.es\/blog\/plaza-imperial-cambia-de-logotipo\/#primaryimage"},"thumbnailUrl":"https:\/\/www.tritiopublicidad.es\/blog\/wp-content\/uploads\/2011\/12\/52763713.jpg","datePublished":"2011-12-17T07:19:05+00:00","dateModified":"2016-07-13T10:21:55+00:00","author":{"@id":"https:\/\/www.tritiopublicidad.es\/blog\/#\/schema\/person\/d4a82bb9a7d9c97655a00baff397ca61"},"breadcrumb":{"@id":"https:\/\/www.tritiopublicidad.es\/blog\/plaza-imperial-cambia-de-logotipo\/#breadcrumb"},"inLanguage":"es","potentialAction":[{"@type":"ReadAction","target":["https:\/\/www.tritiopublicidad.es\/blog\/plaza-imperial-cambia-de-logotipo\/"]}]},{"@type":"ImageObject","inLanguage":"es","@id":"https:\/\/www.tritiopublicidad.es\/blog\/plaza-imperial-cambia-de-logotipo\/#primaryimage","url":"https:\/\/www.tritiopublicidad.es\/blog\/wp-content\/uploads\/2011\/12\/52763713.jpg","contentUrl":"https:\/\/www.tritiopublicidad.es\/blog\/wp-content\/uploads\/2011\/12\/52763713.jpg"},{"@type":"BreadcrumbList","@id":"https:\/\/www.tritiopublicidad.es\/blog\/plaza-imperial-cambia-de-logotipo\/#breadcrumb","itemListElement":[{"@type":"ListItem","position":1,"name":"Portada","item":"https:\/\/www.tritiopublicidad.es\/blog\/"},{"@type":"ListItem","position":2,"name":"PLAZA IMPERIAL CAMBIA DE LOGOTIPO"}]},{"@type":"WebSite","@id":"https:\/\/www.tritiopublicidad.es\/blog\/#website","url":"https:\/\/www.tritiopublicidad.es\/blog\/","name":"Tritio Publicidad","description":"Campa&ntilde;as, marketing y logotipos","potentialAction":[{"@type":"SearchAction","target":{"@type":"EntryPoint","urlTemplate":"https:\/\/www.tritiopublicidad.es\/blog\/?s={search_term_string}"},"query-input":{"@type":"PropertyValueSpecification","valueRequired":true,"valueName":"search_term_string"}}],"inLanguage":"es"},{"@type":"Person","@id":"https:\/\/www.tritiopublicidad.es\/blog\/#\/schema\/person\/d4a82bb9a7d9c97655a00baff397ca61","name":"Admin 2","image":{"@type":"ImageObject","inLanguage":"es","@id":"https:\/\/secure.gravatar.com\/avatar\/e36769033535f8ae2f95741cb281544c80c7e48721b032724ab85260265a1f02?s=96&d=mm&r=g","url":"https:\/\/secure.gravatar.com\/avatar\/e36769033535f8ae2f95741cb281544c80c7e48721b032724ab85260265a1f02?s=96&d=mm&r=g","contentUrl":"https:\/\/secure.gravatar.com\/avatar\/e36769033535f8ae2f95741cb281544c80c7e48721b032724ab85260265a1f02?s=96&d=mm&r=g","caption":"Admin 2"},"url":"https:\/\/www.tritiopublicidad.es\/blog\/author\/diego\/"}]}},"_links":{"self":[{"href":"https:\/\/www.tritiopublicidad.es\/blog\/wp-json\/wp\/v2\/posts\/1769","targetHints":{"allow":["GET"]}}],"collection":[{"href":"https:\/\/www.tritiopublicidad.es\/blog\/wp-json\/wp\/v2\/posts"}],"about":[{"href":"https:\/\/www.tritiopublicidad.es\/blog\/wp-json\/wp\/v2\/types\/post"}],"author":[{"embeddable":true,"href":"https:\/\/www.tritiopublicidad.es\/blog\/wp-json\/wp\/v2\/users\/2"}],"replies":[{"embeddable":true,"href":"https:\/\/www.tritiopublicidad.es\/blog\/wp-json\/wp\/v2\/comments?post=1769"}],"version-history":[{"count":1,"href":"https:\/\/www.tritiopublicidad.es\/blog\/wp-json\/wp\/v2\/posts\/1769\/revisions"}],"predecessor-version":[{"id":3258,"href":"https:\/\/www.tritiopublicidad.es\/blog\/wp-json\/wp\/v2\/posts\/1769\/revisions\/3258"}],"wp:attachment":[{"href":"https:\/\/www.tritiopublicidad.es\/blog\/wp-json\/wp\/v2\/media?parent=1769"}],"wp:term":[{"taxonomy":"category","embeddable":true,"href":"https:\/\/www.tritiopublicidad.es\/blog\/wp-json\/wp\/v2\/categories?post=1769"},{"taxonomy":"post_tag","embeddable":true,"href":"https:\/\/www.tritiopublicidad.es\/blog\/wp-json\/wp\/v2\/tags?post=1769"}],"curies":[{"name":"wp","href":"https:\/\/api.w.org\/{rel}","templated":true}]}}