{"id":2024,"date":"2012-05-03T22:47:27","date_gmt":"2012-05-03T20:47:27","guid":{"rendered":"https:\/\/www.tritiopublicidad.es\/blog\/?p=2024"},"modified":"2016-07-13T12:21:54","modified_gmt":"2016-07-13T10:21:54","slug":"ave-celebra-sus-20-anos-de-vida","status":"publish","type":"post","link":"https:\/\/www.tritiopublicidad.es\/blog\/ave-celebra-sus-20-anos-de-vida\/","title":{"rendered":"AVE CELEBRA SUS 20 A\u00d1OS DE VIDA"},"content":{"rendered":"<p style=\"text-align: center;\"><a href=\"https:\/\/www.tritiopublicidad.es\/blog\/wp-content\/uploads\/2012\/05\/2012_4_26_4vrAWEsAoFUPXelxoUFAm7.jpg\"><img fetchpriority=\"high\" decoding=\"async\" class=\"alignnone size-medium wp-image-2025\" title=\"Tren AVE De Renfe\" src=\"https:\/\/www.tritiopublicidad.es\/blog\/wp-content\/uploads\/2012\/05\/2012_4_26_4vrAWEsAoFUPXelxoUFAm7-300x197.jpg\" alt=\"\" width=\"300\" height=\"197\" srcset=\"https:\/\/www.tritiopublicidad.es\/blog\/wp-content\/uploads\/2012\/05\/2012_4_26_4vrAWEsAoFUPXelxoUFAm7-300x197.jpg 300w, https:\/\/www.tritiopublicidad.es\/blog\/wp-content\/uploads\/2012\/05\/2012_4_26_4vrAWEsAoFUPXelxoUFAm7.jpg 645w\" sizes=\"(max-width: 300px) 100vw, 300px\" \/><\/a><\/p>\n<p>La alta velocidad en Espa\u00f1a\u00a0cumple esta primavera el veinte aniversario de su existencia..Este m\u00edtico tren de finales del milenio cubri\u00f3 inicialmente el tramo que un\u00eda la capital de Espa\u00f1a, Madrid, y Sevilla. Recordemos que aquel a\u00f1o era el de la Expo 1992, que junto a las Olimpiadas de Barcelona eran los grandes atractivos tur\u00edsticos de la pen\u00ednsula ib\u00e9rica y hasta podr\u00edamos asegurar sin miedo que de toda Europa.<\/p>\n<p>En este \u00a02012, el AVE est\u00e1 de aniversario y Renfe ha querido compartir este motivo de celebraci\u00f3n con los clientes de este medio de transporte.\u00bfY qu\u00e9 mejor forma en plena crisis econ\u00f3mica que lanz\u00e1ndose a hacer unos sonoros descuentos de hasta el 80%?<\/p>\n<p>S\u00ed, han o\u00eddo bien. Durante 20 d\u00edas (entre el 21 de abril y el 10 de mayo) Renfe pondr\u00e1 a la venta 20.000 billetes (1000 cada d\u00eda) a tan solo el 20% de su valor. Barcelona\u00a0 &#8211; Zaragoza por 13 euros, Madrid \u2013 Sevilla 28 en plena feria de abril\u2026 En fin, la locura.<\/p>\n<p>Adem\u00e1s, para los que todav\u00eda no se atreven a hacer compras por internet, cada d\u00eda que pasa son menos, Renfe informa de que esta promoci\u00f3n estar\u00e1 disponible tambi\u00e9n en taquillas de cualquier estaci\u00f3n AVE y en agencias de viaje.<\/p>\n<p>Con esta maniobra pretenden darse a conocer entre las muchas personas que todav\u00eda no han viajado en este vertiginoso b\u00f3lido que surca los ra\u00edles a 300 km\/h.<\/p>\n<p>Diego Celma Herrando<\/p>\n<p>Imagen: lainformacion<\/p>\n","protected":false},"excerpt":{"rendered":"<p>La alta velocidad en Espa\u00f1a\u00a0cumple esta primavera el veinte aniversario de su existencia..Este m\u00edtico tren de finales del milenio cubri\u00f3 inicialmente el tramo que un\u00eda la capital de Espa\u00f1a, Madrid, y Sevilla. Recordemos que aquel a\u00f1o era el de la Expo 1992, que junto a las Olimpiadas de Barcelona eran los grandes atractivos tur\u00edsticos de [&hellip;]<\/p>\n","protected":false},"author":2,"featured_media":0,"comment_status":"open","ping_status":"open","sticky":false,"template":"","format":"standard","meta":{"footnotes":""},"categories":[61],"tags":[2239,2238,2237],"class_list":["post-2024","post","type-post","status-publish","format-standard","hentry","category-grandes-campanas-de-comunicacion","tag-ave-20-aniversario","tag-descuentos-ave","tag-promocion-20-anos-ave"],"yoast_head":"<!-- This site is optimized with the Yoast SEO plugin v27.5 - https:\/\/yoast.com\/product\/yoast-seo-wordpress\/ -->\n<title>AVE CELEBRA SUS 20 A\u00d1OS DE VIDA - Tritio Publicidad<\/title>\n<meta name=\"robots\" content=\"index, follow, max-snippet:-1, max-image-preview:large, max-video-preview:-1\" \/>\n<link rel=\"canonical\" href=\"https:\/\/www.tritiopublicidad.es\/blog\/ave-celebra-sus-20-anos-de-vida\/\" \/>\n<meta property=\"og:locale\" content=\"es_ES\" \/>\n<meta property=\"og:type\" content=\"article\" \/>\n<meta property=\"og:title\" content=\"AVE CELEBRA SUS 20 A\u00d1OS DE VIDA - Tritio Publicidad\" \/>\n<meta property=\"og:description\" content=\"La alta velocidad en Espa\u00f1a\u00a0cumple esta primavera el veinte aniversario de su existencia..Este m\u00edtico tren de finales del milenio cubri\u00f3 inicialmente el tramo que un\u00eda la capital de Espa\u00f1a, Madrid, y Sevilla. Recordemos que aquel a\u00f1o era el de la Expo 1992, que junto a las Olimpiadas de Barcelona eran los grandes atractivos tur\u00edsticos de [&hellip;]\" \/>\n<meta property=\"og:url\" content=\"https:\/\/www.tritiopublicidad.es\/blog\/ave-celebra-sus-20-anos-de-vida\/\" \/>\n<meta property=\"og:site_name\" content=\"Tritio Publicidad\" \/>\n<meta property=\"article:published_time\" content=\"2012-05-03T20:47:27+00:00\" \/>\n<meta property=\"article:modified_time\" content=\"2016-07-13T10:21:54+00:00\" \/>\n<meta property=\"og:image\" content=\"https:\/\/www.tritiopublicidad.es\/blog\/wp-content\/uploads\/2012\/05\/2012_4_26_4vrAWEsAoFUPXelxoUFAm7-300x197.jpg\" \/>\n<meta name=\"author\" content=\"Admin 2\" \/>\n<meta name=\"twitter:card\" content=\"summary_large_image\" \/>\n<meta name=\"twitter:label1\" content=\"Escrito por\" \/>\n\t<meta name=\"twitter:data1\" content=\"Admin 2\" \/>\n\t<meta name=\"twitter:label2\" content=\"Tiempo de lectura\" \/>\n\t<meta name=\"twitter:data2\" content=\"1 minuto\" \/>\n<script type=\"application\/ld+json\" class=\"yoast-schema-graph\">{\"@context\":\"https:\\\/\\\/schema.org\",\"@graph\":[{\"@type\":\"Article\",\"@id\":\"https:\\\/\\\/www.tritiopublicidad.es\\\/blog\\\/ave-celebra-sus-20-anos-de-vida\\\/#article\",\"isPartOf\":{\"@id\":\"https:\\\/\\\/www.tritiopublicidad.es\\\/blog\\\/ave-celebra-sus-20-anos-de-vida\\\/\"},\"author\":{\"name\":\"Admin 2\",\"@id\":\"https:\\\/\\\/www.tritiopublicidad.es\\\/blog\\\/#\\\/schema\\\/person\\\/d4a82bb9a7d9c97655a00baff397ca61\"},\"headline\":\"AVE CELEBRA SUS 20 A\u00d1OS DE VIDA\",\"datePublished\":\"2012-05-03T20:47:27+00:00\",\"dateModified\":\"2016-07-13T10:21:54+00:00\",\"mainEntityOfPage\":{\"@id\":\"https:\\\/\\\/www.tritiopublicidad.es\\\/blog\\\/ave-celebra-sus-20-anos-de-vida\\\/\"},\"wordCount\":258,\"commentCount\":0,\"image\":{\"@id\":\"https:\\\/\\\/www.tritiopublicidad.es\\\/blog\\\/ave-celebra-sus-20-anos-de-vida\\\/#primaryimage\"},\"thumbnailUrl\":\"https:\\\/\\\/www.tritiopublicidad.es\\\/blog\\\/wp-content\\\/uploads\\\/2012\\\/05\\\/2012_4_26_4vrAWEsAoFUPXelxoUFAm7-300x197.jpg\",\"keywords\":[\"ave 20 aniversario\",\"descuentos ave\",\"promocion 20 a\u00f1os ave\"],\"articleSection\":[\"Grandes Campa\u00f1as de Comunicaci\u00f3n\"],\"inLanguage\":\"es\",\"potentialAction\":[{\"@type\":\"CommentAction\",\"name\":\"Comment\",\"target\":[\"https:\\\/\\\/www.tritiopublicidad.es\\\/blog\\\/ave-celebra-sus-20-anos-de-vida\\\/#respond\"]}]},{\"@type\":\"WebPage\",\"@id\":\"https:\\\/\\\/www.tritiopublicidad.es\\\/blog\\\/ave-celebra-sus-20-anos-de-vida\\\/\",\"url\":\"https:\\\/\\\/www.tritiopublicidad.es\\\/blog\\\/ave-celebra-sus-20-anos-de-vida\\\/\",\"name\":\"AVE CELEBRA SUS 20 A\u00d1OS DE VIDA - Tritio Publicidad\",\"isPartOf\":{\"@id\":\"https:\\\/\\\/www.tritiopublicidad.es\\\/blog\\\/#website\"},\"primaryImageOfPage\":{\"@id\":\"https:\\\/\\\/www.tritiopublicidad.es\\\/blog\\\/ave-celebra-sus-20-anos-de-vida\\\/#primaryimage\"},\"image\":{\"@id\":\"https:\\\/\\\/www.tritiopublicidad.es\\\/blog\\\/ave-celebra-sus-20-anos-de-vida\\\/#primaryimage\"},\"thumbnailUrl\":\"https:\\\/\\\/www.tritiopublicidad.es\\\/blog\\\/wp-content\\\/uploads\\\/2012\\\/05\\\/2012_4_26_4vrAWEsAoFUPXelxoUFAm7-300x197.jpg\",\"datePublished\":\"2012-05-03T20:47:27+00:00\",\"dateModified\":\"2016-07-13T10:21:54+00:00\",\"author\":{\"@id\":\"https:\\\/\\\/www.tritiopublicidad.es\\\/blog\\\/#\\\/schema\\\/person\\\/d4a82bb9a7d9c97655a00baff397ca61\"},\"breadcrumb\":{\"@id\":\"https:\\\/\\\/www.tritiopublicidad.es\\\/blog\\\/ave-celebra-sus-20-anos-de-vida\\\/#breadcrumb\"},\"inLanguage\":\"es\",\"potentialAction\":[{\"@type\":\"ReadAction\",\"target\":[\"https:\\\/\\\/www.tritiopublicidad.es\\\/blog\\\/ave-celebra-sus-20-anos-de-vida\\\/\"]}]},{\"@type\":\"ImageObject\",\"inLanguage\":\"es\",\"@id\":\"https:\\\/\\\/www.tritiopublicidad.es\\\/blog\\\/ave-celebra-sus-20-anos-de-vida\\\/#primaryimage\",\"url\":\"https:\\\/\\\/www.tritiopublicidad.es\\\/blog\\\/wp-content\\\/uploads\\\/2012\\\/05\\\/2012_4_26_4vrAWEsAoFUPXelxoUFAm7.jpg\",\"contentUrl\":\"https:\\\/\\\/www.tritiopublicidad.es\\\/blog\\\/wp-content\\\/uploads\\\/2012\\\/05\\\/2012_4_26_4vrAWEsAoFUPXelxoUFAm7.jpg\",\"width\":\"645\",\"height\":\"425\"},{\"@type\":\"BreadcrumbList\",\"@id\":\"https:\\\/\\\/www.tritiopublicidad.es\\\/blog\\\/ave-celebra-sus-20-anos-de-vida\\\/#breadcrumb\",\"itemListElement\":[{\"@type\":\"ListItem\",\"position\":1,\"name\":\"Portada\",\"item\":\"https:\\\/\\\/www.tritiopublicidad.es\\\/blog\\\/\"},{\"@type\":\"ListItem\",\"position\":2,\"name\":\"AVE CELEBRA SUS 20 A\u00d1OS DE VIDA\"}]},{\"@type\":\"WebSite\",\"@id\":\"https:\\\/\\\/www.tritiopublicidad.es\\\/blog\\\/#website\",\"url\":\"https:\\\/\\\/www.tritiopublicidad.es\\\/blog\\\/\",\"name\":\"Tritio Publicidad\",\"description\":\"Campa&ntilde;as, marketing y logotipos\",\"potentialAction\":[{\"@type\":\"SearchAction\",\"target\":{\"@type\":\"EntryPoint\",\"urlTemplate\":\"https:\\\/\\\/www.tritiopublicidad.es\\\/blog\\\/?s={search_term_string}\"},\"query-input\":{\"@type\":\"PropertyValueSpecification\",\"valueRequired\":true,\"valueName\":\"search_term_string\"}}],\"inLanguage\":\"es\"},{\"@type\":\"Person\",\"@id\":\"https:\\\/\\\/www.tritiopublicidad.es\\\/blog\\\/#\\\/schema\\\/person\\\/d4a82bb9a7d9c97655a00baff397ca61\",\"name\":\"Admin 2\",\"image\":{\"@type\":\"ImageObject\",\"inLanguage\":\"es\",\"@id\":\"https:\\\/\\\/secure.gravatar.com\\\/avatar\\\/e36769033535f8ae2f95741cb281544c80c7e48721b032724ab85260265a1f02?s=96&d=mm&r=g\",\"url\":\"https:\\\/\\\/secure.gravatar.com\\\/avatar\\\/e36769033535f8ae2f95741cb281544c80c7e48721b032724ab85260265a1f02?s=96&d=mm&r=g\",\"contentUrl\":\"https:\\\/\\\/secure.gravatar.com\\\/avatar\\\/e36769033535f8ae2f95741cb281544c80c7e48721b032724ab85260265a1f02?s=96&d=mm&r=g\",\"caption\":\"Admin 2\"},\"url\":\"https:\\\/\\\/www.tritiopublicidad.es\\\/blog\\\/author\\\/diego\\\/\"}]}<\/script>\n<!-- \/ Yoast SEO plugin. -->","yoast_head_json":{"title":"AVE CELEBRA SUS 20 A\u00d1OS DE VIDA - Tritio Publicidad","robots":{"index":"index","follow":"follow","max-snippet":"max-snippet:-1","max-image-preview":"max-image-preview:large","max-video-preview":"max-video-preview:-1"},"canonical":"https:\/\/www.tritiopublicidad.es\/blog\/ave-celebra-sus-20-anos-de-vida\/","og_locale":"es_ES","og_type":"article","og_title":"AVE CELEBRA SUS 20 A\u00d1OS DE VIDA - Tritio Publicidad","og_description":"La alta velocidad en Espa\u00f1a\u00a0cumple esta primavera el veinte aniversario de su existencia..Este m\u00edtico tren de finales del milenio cubri\u00f3 inicialmente el tramo que un\u00eda la capital de Espa\u00f1a, Madrid, y Sevilla. Recordemos que aquel a\u00f1o era el de la Expo 1992, que junto a las Olimpiadas de Barcelona eran los grandes atractivos tur\u00edsticos de [&hellip;]","og_url":"https:\/\/www.tritiopublicidad.es\/blog\/ave-celebra-sus-20-anos-de-vida\/","og_site_name":"Tritio Publicidad","article_published_time":"2012-05-03T20:47:27+00:00","article_modified_time":"2016-07-13T10:21:54+00:00","og_image":[{"url":"https:\/\/www.tritiopublicidad.es\/blog\/wp-content\/uploads\/2012\/05\/2012_4_26_4vrAWEsAoFUPXelxoUFAm7-300x197.jpg","type":"","width":"","height":""}],"author":"Admin 2","twitter_card":"summary_large_image","twitter_misc":{"Escrito por":"Admin 2","Tiempo de lectura":"1 minuto"},"schema":{"@context":"https:\/\/schema.org","@graph":[{"@type":"Article","@id":"https:\/\/www.tritiopublicidad.es\/blog\/ave-celebra-sus-20-anos-de-vida\/#article","isPartOf":{"@id":"https:\/\/www.tritiopublicidad.es\/blog\/ave-celebra-sus-20-anos-de-vida\/"},"author":{"name":"Admin 2","@id":"https:\/\/www.tritiopublicidad.es\/blog\/#\/schema\/person\/d4a82bb9a7d9c97655a00baff397ca61"},"headline":"AVE CELEBRA SUS 20 A\u00d1OS DE VIDA","datePublished":"2012-05-03T20:47:27+00:00","dateModified":"2016-07-13T10:21:54+00:00","mainEntityOfPage":{"@id":"https:\/\/www.tritiopublicidad.es\/blog\/ave-celebra-sus-20-anos-de-vida\/"},"wordCount":258,"commentCount":0,"image":{"@id":"https:\/\/www.tritiopublicidad.es\/blog\/ave-celebra-sus-20-anos-de-vida\/#primaryimage"},"thumbnailUrl":"https:\/\/www.tritiopublicidad.es\/blog\/wp-content\/uploads\/2012\/05\/2012_4_26_4vrAWEsAoFUPXelxoUFAm7-300x197.jpg","keywords":["ave 20 aniversario","descuentos ave","promocion 20 a\u00f1os ave"],"articleSection":["Grandes Campa\u00f1as de Comunicaci\u00f3n"],"inLanguage":"es","potentialAction":[{"@type":"CommentAction","name":"Comment","target":["https:\/\/www.tritiopublicidad.es\/blog\/ave-celebra-sus-20-anos-de-vida\/#respond"]}]},{"@type":"WebPage","@id":"https:\/\/www.tritiopublicidad.es\/blog\/ave-celebra-sus-20-anos-de-vida\/","url":"https:\/\/www.tritiopublicidad.es\/blog\/ave-celebra-sus-20-anos-de-vida\/","name":"AVE CELEBRA SUS 20 A\u00d1OS DE VIDA - Tritio Publicidad","isPartOf":{"@id":"https:\/\/www.tritiopublicidad.es\/blog\/#website"},"primaryImageOfPage":{"@id":"https:\/\/www.tritiopublicidad.es\/blog\/ave-celebra-sus-20-anos-de-vida\/#primaryimage"},"image":{"@id":"https:\/\/www.tritiopublicidad.es\/blog\/ave-celebra-sus-20-anos-de-vida\/#primaryimage"},"thumbnailUrl":"https:\/\/www.tritiopublicidad.es\/blog\/wp-content\/uploads\/2012\/05\/2012_4_26_4vrAWEsAoFUPXelxoUFAm7-300x197.jpg","datePublished":"2012-05-03T20:47:27+00:00","dateModified":"2016-07-13T10:21:54+00:00","author":{"@id":"https:\/\/www.tritiopublicidad.es\/blog\/#\/schema\/person\/d4a82bb9a7d9c97655a00baff397ca61"},"breadcrumb":{"@id":"https:\/\/www.tritiopublicidad.es\/blog\/ave-celebra-sus-20-anos-de-vida\/#breadcrumb"},"inLanguage":"es","potentialAction":[{"@type":"ReadAction","target":["https:\/\/www.tritiopublicidad.es\/blog\/ave-celebra-sus-20-anos-de-vida\/"]}]},{"@type":"ImageObject","inLanguage":"es","@id":"https:\/\/www.tritiopublicidad.es\/blog\/ave-celebra-sus-20-anos-de-vida\/#primaryimage","url":"https:\/\/www.tritiopublicidad.es\/blog\/wp-content\/uploads\/2012\/05\/2012_4_26_4vrAWEsAoFUPXelxoUFAm7.jpg","contentUrl":"https:\/\/www.tritiopublicidad.es\/blog\/wp-content\/uploads\/2012\/05\/2012_4_26_4vrAWEsAoFUPXelxoUFAm7.jpg","width":"645","height":"425"},{"@type":"BreadcrumbList","@id":"https:\/\/www.tritiopublicidad.es\/blog\/ave-celebra-sus-20-anos-de-vida\/#breadcrumb","itemListElement":[{"@type":"ListItem","position":1,"name":"Portada","item":"https:\/\/www.tritiopublicidad.es\/blog\/"},{"@type":"ListItem","position":2,"name":"AVE CELEBRA SUS 20 A\u00d1OS DE VIDA"}]},{"@type":"WebSite","@id":"https:\/\/www.tritiopublicidad.es\/blog\/#website","url":"https:\/\/www.tritiopublicidad.es\/blog\/","name":"Tritio Publicidad","description":"Campa&ntilde;as, marketing y logotipos","potentialAction":[{"@type":"SearchAction","target":{"@type":"EntryPoint","urlTemplate":"https:\/\/www.tritiopublicidad.es\/blog\/?s={search_term_string}"},"query-input":{"@type":"PropertyValueSpecification","valueRequired":true,"valueName":"search_term_string"}}],"inLanguage":"es"},{"@type":"Person","@id":"https:\/\/www.tritiopublicidad.es\/blog\/#\/schema\/person\/d4a82bb9a7d9c97655a00baff397ca61","name":"Admin 2","image":{"@type":"ImageObject","inLanguage":"es","@id":"https:\/\/secure.gravatar.com\/avatar\/e36769033535f8ae2f95741cb281544c80c7e48721b032724ab85260265a1f02?s=96&d=mm&r=g","url":"https:\/\/secure.gravatar.com\/avatar\/e36769033535f8ae2f95741cb281544c80c7e48721b032724ab85260265a1f02?s=96&d=mm&r=g","contentUrl":"https:\/\/secure.gravatar.com\/avatar\/e36769033535f8ae2f95741cb281544c80c7e48721b032724ab85260265a1f02?s=96&d=mm&r=g","caption":"Admin 2"},"url":"https:\/\/www.tritiopublicidad.es\/blog\/author\/diego\/"}]}},"_links":{"self":[{"href":"https:\/\/www.tritiopublicidad.es\/blog\/wp-json\/wp\/v2\/posts\/2024","targetHints":{"allow":["GET"]}}],"collection":[{"href":"https:\/\/www.tritiopublicidad.es\/blog\/wp-json\/wp\/v2\/posts"}],"about":[{"href":"https:\/\/www.tritiopublicidad.es\/blog\/wp-json\/wp\/v2\/types\/post"}],"author":[{"embeddable":true,"href":"https:\/\/www.tritiopublicidad.es\/blog\/wp-json\/wp\/v2\/users\/2"}],"replies":[{"embeddable":true,"href":"https:\/\/www.tritiopublicidad.es\/blog\/wp-json\/wp\/v2\/comments?post=2024"}],"version-history":[{"count":1,"href":"https:\/\/www.tritiopublicidad.es\/blog\/wp-json\/wp\/v2\/posts\/2024\/revisions"}],"predecessor-version":[{"id":3212,"href":"https:\/\/www.tritiopublicidad.es\/blog\/wp-json\/wp\/v2\/posts\/2024\/revisions\/3212"}],"wp:attachment":[{"href":"https:\/\/www.tritiopublicidad.es\/blog\/wp-json\/wp\/v2\/media?parent=2024"}],"wp:term":[{"taxonomy":"category","embeddable":true,"href":"https:\/\/www.tritiopublicidad.es\/blog\/wp-json\/wp\/v2\/categories?post=2024"},{"taxonomy":"post_tag","embeddable":true,"href":"https:\/\/www.tritiopublicidad.es\/blog\/wp-json\/wp\/v2\/tags?post=2024"}],"curies":[{"name":"wp","href":"https:\/\/api.w.org\/{rel}","templated":true}]}}