{"id":2709,"date":"2013-08-23T23:49:30","date_gmt":"2013-08-23T21:49:30","guid":{"rendered":"https:\/\/www.tritiopublicidad.es\/blog\/?p=2709"},"modified":"2016-07-13T12:21:51","modified_gmt":"2016-07-13T10:21:51","slug":"los-anunciantes-se-van-del-campamento-de-verano","status":"publish","type":"post","link":"https:\/\/www.tritiopublicidad.es\/blog\/los-anunciantes-se-van-del-campamento-de-verano\/","title":{"rendered":"LOS ANUNCIANTES SE VAN DEL CAMPAMENTO DE VERANO"},"content":{"rendered":"<p style=\"text-align: center;\"><a href=\"https:\/\/www.tritiopublicidad.es\/blog\/wp-content\/uploads\/2013\/08\/Gaby-Esteban-sexo_MDSIMA20130809_0005_10.jpg\"><img fetchpriority=\"high\" decoding=\"async\" class=\"alignnone size-medium wp-image-2710\" title=\"Gaby-Esteban-sexo_MDSIMA20130809_0005_10\" src=\"https:\/\/www.tritiopublicidad.es\/blog\/wp-content\/uploads\/2013\/08\/Gaby-Esteban-sexo_MDSIMA20130809_0005_10-300x168.jpg\" alt=\"\" width=\"300\" height=\"168\" srcset=\"https:\/\/www.tritiopublicidad.es\/blog\/wp-content\/uploads\/2013\/08\/Gaby-Esteban-sexo_MDSIMA20130809_0005_10-300x168.jpg 300w, https:\/\/www.tritiopublicidad.es\/blog\/wp-content\/uploads\/2013\/08\/Gaby-Esteban-sexo_MDSIMA20130809_0005_10.jpg 474w\" sizes=\"(max-width: 300px) 100vw, 300px\" \/><\/a><\/p>\n<p>La televisi\u00f3n est\u00e1 llena de contenido telebasura. Solo hace falta conectar con cualquier canal generalista y en unos minutos uno se da cuenta de que lo que proliferan son los programas de cotilleo y el morbo por el morbo.<\/p>\n<p>La publicidad financia estos programas, ya que la audiencia los respalda y los anunciantes quieren estar en los programas con mayor cuota de espectadores.<\/p>\n<p>El programa Campamento de verano ha perdido ya a varios de sus anunciantes, si en la primera campa\u00f1a de Haztye Oir perdi\u00f3 a ING Direct, Minut Maid, McDonalds, Burger King, Mutua Madrile\u00f1a y Orange, ayer se cayeron otros de la lista: El Corte Ingl\u00e9s, Danone, Balay y Nestle.<\/p>\n<p>Hazte Oir est\u00e1 presionando para que esto suceda alegando que este espacio televisivo denigra a la mujer. Su presidente, Ignacio Arsuaga, quiere que el programa sea suspendido antes de la fecha prevista para el fin de emisi\u00f3n, pero es algo dif\u00edcil de que ocurra, a decir verdad.<\/p>\n<p>De todas maneras, los anunciantes parecen haberse tomado en serio el asunto y han retirado lso fondos que los relacionaban con un programa tildado de machista por una gran parte de la sociedad. A ver si para la pr\u00f3xima vez miran m\u00e1s d\u00f3nde invierten sus partidas publicitarias.<\/p>\n<p>Diego Celma Herrando<\/p>\n<p>Imagen: telecinco<\/p>\n","protected":false},"excerpt":{"rendered":"<p>La televisi\u00f3n est\u00e1 llena de contenido telebasura. Solo hace falta conectar con cualquier canal generalista y en unos minutos uno se da cuenta de que lo que proliferan son los programas de cotilleo y el morbo por el morbo. La publicidad financia estos programas, ya que la audiencia los respalda y los anunciantes quieren estar [&hellip;]<\/p>\n","protected":false},"author":2,"featured_media":0,"comment_status":"open","ping_status":"open","sticky":false,"template":"","format":"standard","meta":{"footnotes":""},"categories":[395],"tags":[2820,2819,2818],"class_list":["post-2709","post","type-post","status-publish","format-standard","hentry","category-publicidad-y-spot-de-tv","tag-anunciantes","tag-campamento-de-verano","tag-telecinco"],"yoast_head":"<!-- This site is optimized with the Yoast SEO plugin v27.5 - https:\/\/yoast.com\/product\/yoast-seo-wordpress\/ -->\n<title>LOS ANUNCIANTES SE VAN DEL CAMPAMENTO DE VERANO - Tritio Publicidad<\/title>\n<meta name=\"robots\" content=\"index, follow, max-snippet:-1, max-image-preview:large, max-video-preview:-1\" \/>\n<link rel=\"canonical\" href=\"https:\/\/www.tritiopublicidad.es\/blog\/los-anunciantes-se-van-del-campamento-de-verano\/\" \/>\n<meta property=\"og:locale\" content=\"es_ES\" \/>\n<meta property=\"og:type\" content=\"article\" \/>\n<meta property=\"og:title\" content=\"LOS ANUNCIANTES SE VAN DEL CAMPAMENTO DE VERANO - Tritio Publicidad\" \/>\n<meta property=\"og:description\" content=\"La televisi\u00f3n est\u00e1 llena de contenido telebasura. Solo hace falta conectar con cualquier canal generalista y en unos minutos uno se da cuenta de que lo que proliferan son los programas de cotilleo y el morbo por el morbo. La publicidad financia estos programas, ya que la audiencia los respalda y los anunciantes quieren estar [&hellip;]\" \/>\n<meta property=\"og:url\" content=\"https:\/\/www.tritiopublicidad.es\/blog\/los-anunciantes-se-van-del-campamento-de-verano\/\" \/>\n<meta property=\"og:site_name\" content=\"Tritio Publicidad\" \/>\n<meta property=\"article:published_time\" content=\"2013-08-23T21:49:30+00:00\" \/>\n<meta property=\"article:modified_time\" content=\"2016-07-13T10:21:51+00:00\" \/>\n<meta property=\"og:image\" content=\"https:\/\/www.tritiopublicidad.es\/blog\/wp-content\/uploads\/2013\/08\/Gaby-Esteban-sexo_MDSIMA20130809_0005_10-300x168.jpg\" \/>\n<meta name=\"author\" content=\"Admin 2\" \/>\n<meta name=\"twitter:card\" content=\"summary_large_image\" \/>\n<meta name=\"twitter:label1\" content=\"Escrito por\" \/>\n\t<meta name=\"twitter:data1\" content=\"Admin 2\" \/>\n\t<meta name=\"twitter:label2\" content=\"Tiempo de lectura\" \/>\n\t<meta name=\"twitter:data2\" content=\"1 minuto\" \/>\n<script type=\"application\/ld+json\" class=\"yoast-schema-graph\">{\"@context\":\"https:\\\/\\\/schema.org\",\"@graph\":[{\"@type\":\"Article\",\"@id\":\"https:\\\/\\\/www.tritiopublicidad.es\\\/blog\\\/los-anunciantes-se-van-del-campamento-de-verano\\\/#article\",\"isPartOf\":{\"@id\":\"https:\\\/\\\/www.tritiopublicidad.es\\\/blog\\\/los-anunciantes-se-van-del-campamento-de-verano\\\/\"},\"author\":{\"name\":\"Admin 2\",\"@id\":\"https:\\\/\\\/www.tritiopublicidad.es\\\/blog\\\/#\\\/schema\\\/person\\\/d4a82bb9a7d9c97655a00baff397ca61\"},\"headline\":\"LOS ANUNCIANTES SE VAN DEL CAMPAMENTO DE VERANO\",\"datePublished\":\"2013-08-23T21:49:30+00:00\",\"dateModified\":\"2016-07-13T10:21:51+00:00\",\"mainEntityOfPage\":{\"@id\":\"https:\\\/\\\/www.tritiopublicidad.es\\\/blog\\\/los-anunciantes-se-van-del-campamento-de-verano\\\/\"},\"wordCount\":227,\"commentCount\":0,\"image\":{\"@id\":\"https:\\\/\\\/www.tritiopublicidad.es\\\/blog\\\/los-anunciantes-se-van-del-campamento-de-verano\\\/#primaryimage\"},\"thumbnailUrl\":\"https:\\\/\\\/www.tritiopublicidad.es\\\/blog\\\/wp-content\\\/uploads\\\/2013\\\/08\\\/Gaby-Esteban-sexo_MDSIMA20130809_0005_10-300x168.jpg\",\"keywords\":[\"anunciantes\",\"campamento de verano\",\"telecinco\"],\"articleSection\":[\"Publicidad y Spot de TV\"],\"inLanguage\":\"es\",\"potentialAction\":[{\"@type\":\"CommentAction\",\"name\":\"Comment\",\"target\":[\"https:\\\/\\\/www.tritiopublicidad.es\\\/blog\\\/los-anunciantes-se-van-del-campamento-de-verano\\\/#respond\"]}]},{\"@type\":\"WebPage\",\"@id\":\"https:\\\/\\\/www.tritiopublicidad.es\\\/blog\\\/los-anunciantes-se-van-del-campamento-de-verano\\\/\",\"url\":\"https:\\\/\\\/www.tritiopublicidad.es\\\/blog\\\/los-anunciantes-se-van-del-campamento-de-verano\\\/\",\"name\":\"LOS ANUNCIANTES SE VAN DEL CAMPAMENTO DE VERANO - Tritio Publicidad\",\"isPartOf\":{\"@id\":\"https:\\\/\\\/www.tritiopublicidad.es\\\/blog\\\/#website\"},\"primaryImageOfPage\":{\"@id\":\"https:\\\/\\\/www.tritiopublicidad.es\\\/blog\\\/los-anunciantes-se-van-del-campamento-de-verano\\\/#primaryimage\"},\"image\":{\"@id\":\"https:\\\/\\\/www.tritiopublicidad.es\\\/blog\\\/los-anunciantes-se-van-del-campamento-de-verano\\\/#primaryimage\"},\"thumbnailUrl\":\"https:\\\/\\\/www.tritiopublicidad.es\\\/blog\\\/wp-content\\\/uploads\\\/2013\\\/08\\\/Gaby-Esteban-sexo_MDSIMA20130809_0005_10-300x168.jpg\",\"datePublished\":\"2013-08-23T21:49:30+00:00\",\"dateModified\":\"2016-07-13T10:21:51+00:00\",\"author\":{\"@id\":\"https:\\\/\\\/www.tritiopublicidad.es\\\/blog\\\/#\\\/schema\\\/person\\\/d4a82bb9a7d9c97655a00baff397ca61\"},\"breadcrumb\":{\"@id\":\"https:\\\/\\\/www.tritiopublicidad.es\\\/blog\\\/los-anunciantes-se-van-del-campamento-de-verano\\\/#breadcrumb\"},\"inLanguage\":\"es\",\"potentialAction\":[{\"@type\":\"ReadAction\",\"target\":[\"https:\\\/\\\/www.tritiopublicidad.es\\\/blog\\\/los-anunciantes-se-van-del-campamento-de-verano\\\/\"]}]},{\"@type\":\"ImageObject\",\"inLanguage\":\"es\",\"@id\":\"https:\\\/\\\/www.tritiopublicidad.es\\\/blog\\\/los-anunciantes-se-van-del-campamento-de-verano\\\/#primaryimage\",\"url\":\"https:\\\/\\\/www.tritiopublicidad.es\\\/blog\\\/wp-content\\\/uploads\\\/2013\\\/08\\\/Gaby-Esteban-sexo_MDSIMA20130809_0005_10.jpg\",\"contentUrl\":\"https:\\\/\\\/www.tritiopublicidad.es\\\/blog\\\/wp-content\\\/uploads\\\/2013\\\/08\\\/Gaby-Esteban-sexo_MDSIMA20130809_0005_10.jpg\",\"width\":\"474\",\"height\":\"267\"},{\"@type\":\"BreadcrumbList\",\"@id\":\"https:\\\/\\\/www.tritiopublicidad.es\\\/blog\\\/los-anunciantes-se-van-del-campamento-de-verano\\\/#breadcrumb\",\"itemListElement\":[{\"@type\":\"ListItem\",\"position\":1,\"name\":\"Portada\",\"item\":\"https:\\\/\\\/www.tritiopublicidad.es\\\/blog\\\/\"},{\"@type\":\"ListItem\",\"position\":2,\"name\":\"LOS ANUNCIANTES SE VAN DEL CAMPAMENTO DE VERANO\"}]},{\"@type\":\"WebSite\",\"@id\":\"https:\\\/\\\/www.tritiopublicidad.es\\\/blog\\\/#website\",\"url\":\"https:\\\/\\\/www.tritiopublicidad.es\\\/blog\\\/\",\"name\":\"Tritio Publicidad\",\"description\":\"Campa&ntilde;as, marketing y logotipos\",\"potentialAction\":[{\"@type\":\"SearchAction\",\"target\":{\"@type\":\"EntryPoint\",\"urlTemplate\":\"https:\\\/\\\/www.tritiopublicidad.es\\\/blog\\\/?s={search_term_string}\"},\"query-input\":{\"@type\":\"PropertyValueSpecification\",\"valueRequired\":true,\"valueName\":\"search_term_string\"}}],\"inLanguage\":\"es\"},{\"@type\":\"Person\",\"@id\":\"https:\\\/\\\/www.tritiopublicidad.es\\\/blog\\\/#\\\/schema\\\/person\\\/d4a82bb9a7d9c97655a00baff397ca61\",\"name\":\"Admin 2\",\"image\":{\"@type\":\"ImageObject\",\"inLanguage\":\"es\",\"@id\":\"https:\\\/\\\/secure.gravatar.com\\\/avatar\\\/e36769033535f8ae2f95741cb281544c80c7e48721b032724ab85260265a1f02?s=96&d=mm&r=g\",\"url\":\"https:\\\/\\\/secure.gravatar.com\\\/avatar\\\/e36769033535f8ae2f95741cb281544c80c7e48721b032724ab85260265a1f02?s=96&d=mm&r=g\",\"contentUrl\":\"https:\\\/\\\/secure.gravatar.com\\\/avatar\\\/e36769033535f8ae2f95741cb281544c80c7e48721b032724ab85260265a1f02?s=96&d=mm&r=g\",\"caption\":\"Admin 2\"},\"url\":\"https:\\\/\\\/www.tritiopublicidad.es\\\/blog\\\/author\\\/diego\\\/\"}]}<\/script>\n<!-- \/ Yoast SEO plugin. -->","yoast_head_json":{"title":"LOS ANUNCIANTES SE VAN DEL CAMPAMENTO DE VERANO - Tritio Publicidad","robots":{"index":"index","follow":"follow","max-snippet":"max-snippet:-1","max-image-preview":"max-image-preview:large","max-video-preview":"max-video-preview:-1"},"canonical":"https:\/\/www.tritiopublicidad.es\/blog\/los-anunciantes-se-van-del-campamento-de-verano\/","og_locale":"es_ES","og_type":"article","og_title":"LOS ANUNCIANTES SE VAN DEL CAMPAMENTO DE VERANO - Tritio Publicidad","og_description":"La televisi\u00f3n est\u00e1 llena de contenido telebasura. Solo hace falta conectar con cualquier canal generalista y en unos minutos uno se da cuenta de que lo que proliferan son los programas de cotilleo y el morbo por el morbo. La publicidad financia estos programas, ya que la audiencia los respalda y los anunciantes quieren estar [&hellip;]","og_url":"https:\/\/www.tritiopublicidad.es\/blog\/los-anunciantes-se-van-del-campamento-de-verano\/","og_site_name":"Tritio Publicidad","article_published_time":"2013-08-23T21:49:30+00:00","article_modified_time":"2016-07-13T10:21:51+00:00","og_image":[{"url":"https:\/\/www.tritiopublicidad.es\/blog\/wp-content\/uploads\/2013\/08\/Gaby-Esteban-sexo_MDSIMA20130809_0005_10-300x168.jpg","type":"","width":"","height":""}],"author":"Admin 2","twitter_card":"summary_large_image","twitter_misc":{"Escrito por":"Admin 2","Tiempo de lectura":"1 minuto"},"schema":{"@context":"https:\/\/schema.org","@graph":[{"@type":"Article","@id":"https:\/\/www.tritiopublicidad.es\/blog\/los-anunciantes-se-van-del-campamento-de-verano\/#article","isPartOf":{"@id":"https:\/\/www.tritiopublicidad.es\/blog\/los-anunciantes-se-van-del-campamento-de-verano\/"},"author":{"name":"Admin 2","@id":"https:\/\/www.tritiopublicidad.es\/blog\/#\/schema\/person\/d4a82bb9a7d9c97655a00baff397ca61"},"headline":"LOS ANUNCIANTES SE VAN DEL CAMPAMENTO DE VERANO","datePublished":"2013-08-23T21:49:30+00:00","dateModified":"2016-07-13T10:21:51+00:00","mainEntityOfPage":{"@id":"https:\/\/www.tritiopublicidad.es\/blog\/los-anunciantes-se-van-del-campamento-de-verano\/"},"wordCount":227,"commentCount":0,"image":{"@id":"https:\/\/www.tritiopublicidad.es\/blog\/los-anunciantes-se-van-del-campamento-de-verano\/#primaryimage"},"thumbnailUrl":"https:\/\/www.tritiopublicidad.es\/blog\/wp-content\/uploads\/2013\/08\/Gaby-Esteban-sexo_MDSIMA20130809_0005_10-300x168.jpg","keywords":["anunciantes","campamento de verano","telecinco"],"articleSection":["Publicidad y Spot de TV"],"inLanguage":"es","potentialAction":[{"@type":"CommentAction","name":"Comment","target":["https:\/\/www.tritiopublicidad.es\/blog\/los-anunciantes-se-van-del-campamento-de-verano\/#respond"]}]},{"@type":"WebPage","@id":"https:\/\/www.tritiopublicidad.es\/blog\/los-anunciantes-se-van-del-campamento-de-verano\/","url":"https:\/\/www.tritiopublicidad.es\/blog\/los-anunciantes-se-van-del-campamento-de-verano\/","name":"LOS ANUNCIANTES SE VAN DEL CAMPAMENTO DE VERANO - Tritio Publicidad","isPartOf":{"@id":"https:\/\/www.tritiopublicidad.es\/blog\/#website"},"primaryImageOfPage":{"@id":"https:\/\/www.tritiopublicidad.es\/blog\/los-anunciantes-se-van-del-campamento-de-verano\/#primaryimage"},"image":{"@id":"https:\/\/www.tritiopublicidad.es\/blog\/los-anunciantes-se-van-del-campamento-de-verano\/#primaryimage"},"thumbnailUrl":"https:\/\/www.tritiopublicidad.es\/blog\/wp-content\/uploads\/2013\/08\/Gaby-Esteban-sexo_MDSIMA20130809_0005_10-300x168.jpg","datePublished":"2013-08-23T21:49:30+00:00","dateModified":"2016-07-13T10:21:51+00:00","author":{"@id":"https:\/\/www.tritiopublicidad.es\/blog\/#\/schema\/person\/d4a82bb9a7d9c97655a00baff397ca61"},"breadcrumb":{"@id":"https:\/\/www.tritiopublicidad.es\/blog\/los-anunciantes-se-van-del-campamento-de-verano\/#breadcrumb"},"inLanguage":"es","potentialAction":[{"@type":"ReadAction","target":["https:\/\/www.tritiopublicidad.es\/blog\/los-anunciantes-se-van-del-campamento-de-verano\/"]}]},{"@type":"ImageObject","inLanguage":"es","@id":"https:\/\/www.tritiopublicidad.es\/blog\/los-anunciantes-se-van-del-campamento-de-verano\/#primaryimage","url":"https:\/\/www.tritiopublicidad.es\/blog\/wp-content\/uploads\/2013\/08\/Gaby-Esteban-sexo_MDSIMA20130809_0005_10.jpg","contentUrl":"https:\/\/www.tritiopublicidad.es\/blog\/wp-content\/uploads\/2013\/08\/Gaby-Esteban-sexo_MDSIMA20130809_0005_10.jpg","width":"474","height":"267"},{"@type":"BreadcrumbList","@id":"https:\/\/www.tritiopublicidad.es\/blog\/los-anunciantes-se-van-del-campamento-de-verano\/#breadcrumb","itemListElement":[{"@type":"ListItem","position":1,"name":"Portada","item":"https:\/\/www.tritiopublicidad.es\/blog\/"},{"@type":"ListItem","position":2,"name":"LOS ANUNCIANTES SE VAN DEL CAMPAMENTO DE VERANO"}]},{"@type":"WebSite","@id":"https:\/\/www.tritiopublicidad.es\/blog\/#website","url":"https:\/\/www.tritiopublicidad.es\/blog\/","name":"Tritio Publicidad","description":"Campa&ntilde;as, marketing y logotipos","potentialAction":[{"@type":"SearchAction","target":{"@type":"EntryPoint","urlTemplate":"https:\/\/www.tritiopublicidad.es\/blog\/?s={search_term_string}"},"query-input":{"@type":"PropertyValueSpecification","valueRequired":true,"valueName":"search_term_string"}}],"inLanguage":"es"},{"@type":"Person","@id":"https:\/\/www.tritiopublicidad.es\/blog\/#\/schema\/person\/d4a82bb9a7d9c97655a00baff397ca61","name":"Admin 2","image":{"@type":"ImageObject","inLanguage":"es","@id":"https:\/\/secure.gravatar.com\/avatar\/e36769033535f8ae2f95741cb281544c80c7e48721b032724ab85260265a1f02?s=96&d=mm&r=g","url":"https:\/\/secure.gravatar.com\/avatar\/e36769033535f8ae2f95741cb281544c80c7e48721b032724ab85260265a1f02?s=96&d=mm&r=g","contentUrl":"https:\/\/secure.gravatar.com\/avatar\/e36769033535f8ae2f95741cb281544c80c7e48721b032724ab85260265a1f02?s=96&d=mm&r=g","caption":"Admin 2"},"url":"https:\/\/www.tritiopublicidad.es\/blog\/author\/diego\/"}]}},"_links":{"self":[{"href":"https:\/\/www.tritiopublicidad.es\/blog\/wp-json\/wp\/v2\/posts\/2709","targetHints":{"allow":["GET"]}}],"collection":[{"href":"https:\/\/www.tritiopublicidad.es\/blog\/wp-json\/wp\/v2\/posts"}],"about":[{"href":"https:\/\/www.tritiopublicidad.es\/blog\/wp-json\/wp\/v2\/types\/post"}],"author":[{"embeddable":true,"href":"https:\/\/www.tritiopublicidad.es\/blog\/wp-json\/wp\/v2\/users\/2"}],"replies":[{"embeddable":true,"href":"https:\/\/www.tritiopublicidad.es\/blog\/wp-json\/wp\/v2\/comments?post=2709"}],"version-history":[{"count":1,"href":"https:\/\/www.tritiopublicidad.es\/blog\/wp-json\/wp\/v2\/posts\/2709\/revisions"}],"predecessor-version":[{"id":3053,"href":"https:\/\/www.tritiopublicidad.es\/blog\/wp-json\/wp\/v2\/posts\/2709\/revisions\/3053"}],"wp:attachment":[{"href":"https:\/\/www.tritiopublicidad.es\/blog\/wp-json\/wp\/v2\/media?parent=2709"}],"wp:term":[{"taxonomy":"category","embeddable":true,"href":"https:\/\/www.tritiopublicidad.es\/blog\/wp-json\/wp\/v2\/categories?post=2709"},{"taxonomy":"post_tag","embeddable":true,"href":"https:\/\/www.tritiopublicidad.es\/blog\/wp-json\/wp\/v2\/tags?post=2709"}],"curies":[{"name":"wp","href":"https:\/\/api.w.org\/{rel}","templated":true}]}}