{"id":2939,"date":"2014-02-16T23:40:38","date_gmt":"2014-02-16T22:40:38","guid":{"rendered":"https:\/\/www.tritiopublicidad.es\/blog\/?p=2939"},"modified":"2016-07-13T14:17:01","modified_gmt":"2016-07-13T12:17:01","slug":"el-logo-de-toubkal-2014","status":"publish","type":"post","link":"https:\/\/www.tritiopublicidad.es\/blog\/el-logo-de-toubkal-2014\/","title":{"rendered":"EL LOGO DE TOUBKAL 2014"},"content":{"rendered":"<p style=\"text-align: center;\"><a href=\"https:\/\/www.tritiopublicidad.es\/blog\/wp-content\/uploads\/2014\/02\/1655660_655088371216938_1473723333_o-300x123.jpg\"><img decoding=\"async\" class=\"alignnone size-full wp-image-3781\" src=\"https:\/\/www.tritiopublicidad.es\/blog\/wp-content\/uploads\/2014\/02\/1655660_655088371216938_1473723333_o-300x123.jpg\" alt=\"1655660_655088371216938_1473723333_o-300x123\" width=\"300\" height=\"123\" \/><\/a><\/p>\n<p>En un logotipo tienen que concentrarse muchos valores intr\u00ednsecos, debe agrupar todo aquellos que se pretende transmitir. Por ello es tan complicado en muchas ocasiones llevarlos a cabo, sintetizar en unas l\u00edneas tantos significados.<\/p>\n<p>Jorge Cobos (<a href=\"http:\/\/www.jorgecobos.com\/\">http:\/\/www.jorgecobos.com\/<\/a>) ha dise\u00f1ado el logotipo para la aventura Toubkal 2014, que se podr\u00e1 seguir d\u00eda a d\u00eda en <a href=\"http:\/\/www.historiasdediequito.es\">www.historiasdediequito.es<\/a><\/p>\n<p>En el logo se puede leer el nombre del pico de m\u00e1s de 4000 metros, con una tipograf\u00eda de estilo ar\u00e1bigo y el a\u00f1o de la aventura en un color ocre muy oscuro. Al lado aparece un camello que ha sido sintetizado con gran maestr\u00eda. El color del camello es el rojo de la bandera de Marruecos y destaca debido a la fuerza visual de ese color.<\/p>\n<p>El camello representa al pa\u00eds en donde est\u00e1 la monta\u00f1a, al igual que los colores de la bandera. El asunto de la monta\u00f1a est\u00e1 recogido directamente en la palabra Toubkal, pico muy conocido entre los alpinistas europeos por su cercan\u00eda.<\/p>\n<p>Ahora ya solo falta que podamos coronar la monta\u00f1a y divisar desde all\u00ed parte del desierto del S\u00e1hara. Fascinante.<\/p>\n<p>Diego Celma Herrando<\/p>\n<p>Imagen:<\/p>\n","protected":false},"excerpt":{"rendered":"<p>En un logotipo tienen que concentrarse muchos valores intr\u00ednsecos, debe agrupar todo aquellos que se pretende transmitir. Por ello es tan complicado en muchas ocasiones llevarlos a cabo, sintetizar en unas l\u00edneas tantos significados. Jorge Cobos (http:\/\/www.jorgecobos.com\/) ha dise\u00f1ado el logotipo para la aventura Toubkal 2014, que se podr\u00e1 seguir d\u00eda a d\u00eda en www.historiasdediequito.es [&hellip;]<\/p>\n","protected":false},"author":2,"featured_media":0,"comment_status":"open","ping_status":"open","sticky":false,"template":"","format":"standard","meta":{"footnotes":""},"categories":[19],"tags":[3069,3067,3068],"class_list":["post-2939","post","type-post","status-publish","format-standard","hentry","category-diseno-logotipos-y-naming","tag-diego-celma-toubkal","tag-logo-toubkal","tag-logotipo-toubkal"],"yoast_head":"<!-- This site is optimized with the Yoast SEO plugin v27.4 - https:\/\/yoast.com\/product\/yoast-seo-wordpress\/ -->\n<title>EL LOGO DE TOUBKAL 2014 - Tritio Publicidad<\/title>\n<meta name=\"robots\" content=\"index, follow, max-snippet:-1, max-image-preview:large, max-video-preview:-1\" \/>\n<link rel=\"canonical\" href=\"https:\/\/www.tritiopublicidad.es\/blog\/el-logo-de-toubkal-2014\/\" \/>\n<meta property=\"og:locale\" content=\"es_ES\" \/>\n<meta property=\"og:type\" content=\"article\" \/>\n<meta property=\"og:title\" content=\"EL LOGO DE TOUBKAL 2014 - Tritio Publicidad\" \/>\n<meta property=\"og:description\" content=\"En un logotipo tienen que concentrarse muchos valores intr\u00ednsecos, debe agrupar todo aquellos que se pretende transmitir. Por ello es tan complicado en muchas ocasiones llevarlos a cabo, sintetizar en unas l\u00edneas tantos significados. Jorge Cobos (http:\/\/www.jorgecobos.com\/) ha dise\u00f1ado el logotipo para la aventura Toubkal 2014, que se podr\u00e1 seguir d\u00eda a d\u00eda en www.historiasdediequito.es [&hellip;]\" \/>\n<meta property=\"og:url\" content=\"https:\/\/www.tritiopublicidad.es\/blog\/el-logo-de-toubkal-2014\/\" \/>\n<meta property=\"og:site_name\" content=\"Tritio Publicidad\" \/>\n<meta property=\"article:published_time\" content=\"2014-02-16T22:40:38+00:00\" \/>\n<meta property=\"article:modified_time\" content=\"2016-07-13T12:17:01+00:00\" \/>\n<meta property=\"og:image\" content=\"https:\/\/www.tritiopublicidad.es\/blog\/wp-content\/uploads\/2014\/02\/1655660_655088371216938_1473723333_o-300x123.jpg\" \/>\n<meta name=\"author\" content=\"Admin 2\" \/>\n<meta name=\"twitter:card\" content=\"summary_large_image\" \/>\n<meta name=\"twitter:label1\" content=\"Escrito por\" \/>\n\t<meta name=\"twitter:data1\" content=\"Admin 2\" \/>\n\t<meta name=\"twitter:label2\" content=\"Tiempo de lectura\" \/>\n\t<meta name=\"twitter:data2\" content=\"1 minuto\" \/>\n<script type=\"application\/ld+json\" class=\"yoast-schema-graph\">{\"@context\":\"https:\\\/\\\/schema.org\",\"@graph\":[{\"@type\":\"Article\",\"@id\":\"https:\\\/\\\/www.tritiopublicidad.es\\\/blog\\\/el-logo-de-toubkal-2014\\\/#article\",\"isPartOf\":{\"@id\":\"https:\\\/\\\/www.tritiopublicidad.es\\\/blog\\\/el-logo-de-toubkal-2014\\\/\"},\"author\":{\"name\":\"Admin 2\",\"@id\":\"https:\\\/\\\/www.tritiopublicidad.es\\\/blog\\\/#\\\/schema\\\/person\\\/d4a82bb9a7d9c97655a00baff397ca61\"},\"headline\":\"EL LOGO DE TOUBKAL 2014\",\"datePublished\":\"2014-02-16T22:40:38+00:00\",\"dateModified\":\"2016-07-13T12:17:01+00:00\",\"mainEntityOfPage\":{\"@id\":\"https:\\\/\\\/www.tritiopublicidad.es\\\/blog\\\/el-logo-de-toubkal-2014\\\/\"},\"wordCount\":208,\"commentCount\":0,\"image\":{\"@id\":\"https:\\\/\\\/www.tritiopublicidad.es\\\/blog\\\/el-logo-de-toubkal-2014\\\/#primaryimage\"},\"thumbnailUrl\":\"https:\\\/\\\/www.tritiopublicidad.es\\\/blog\\\/wp-content\\\/uploads\\\/2014\\\/02\\\/1655660_655088371216938_1473723333_o-300x123.jpg\",\"keywords\":[\"DIEGO CELMA TOUBKAL\",\"LOGO TOUBKAL\",\"LOGOTIPO TOUBKAL\"],\"articleSection\":[\"Dise\u00f1o, Logotipos y Naming\"],\"inLanguage\":\"es\",\"potentialAction\":[{\"@type\":\"CommentAction\",\"name\":\"Comment\",\"target\":[\"https:\\\/\\\/www.tritiopublicidad.es\\\/blog\\\/el-logo-de-toubkal-2014\\\/#respond\"]}]},{\"@type\":\"WebPage\",\"@id\":\"https:\\\/\\\/www.tritiopublicidad.es\\\/blog\\\/el-logo-de-toubkal-2014\\\/\",\"url\":\"https:\\\/\\\/www.tritiopublicidad.es\\\/blog\\\/el-logo-de-toubkal-2014\\\/\",\"name\":\"EL LOGO DE TOUBKAL 2014 - Tritio Publicidad\",\"isPartOf\":{\"@id\":\"https:\\\/\\\/www.tritiopublicidad.es\\\/blog\\\/#website\"},\"primaryImageOfPage\":{\"@id\":\"https:\\\/\\\/www.tritiopublicidad.es\\\/blog\\\/el-logo-de-toubkal-2014\\\/#primaryimage\"},\"image\":{\"@id\":\"https:\\\/\\\/www.tritiopublicidad.es\\\/blog\\\/el-logo-de-toubkal-2014\\\/#primaryimage\"},\"thumbnailUrl\":\"https:\\\/\\\/www.tritiopublicidad.es\\\/blog\\\/wp-content\\\/uploads\\\/2014\\\/02\\\/1655660_655088371216938_1473723333_o-300x123.jpg\",\"datePublished\":\"2014-02-16T22:40:38+00:00\",\"dateModified\":\"2016-07-13T12:17:01+00:00\",\"author\":{\"@id\":\"https:\\\/\\\/www.tritiopublicidad.es\\\/blog\\\/#\\\/schema\\\/person\\\/d4a82bb9a7d9c97655a00baff397ca61\"},\"breadcrumb\":{\"@id\":\"https:\\\/\\\/www.tritiopublicidad.es\\\/blog\\\/el-logo-de-toubkal-2014\\\/#breadcrumb\"},\"inLanguage\":\"es\",\"potentialAction\":[{\"@type\":\"ReadAction\",\"target\":[\"https:\\\/\\\/www.tritiopublicidad.es\\\/blog\\\/el-logo-de-toubkal-2014\\\/\"]}]},{\"@type\":\"ImageObject\",\"inLanguage\":\"es\",\"@id\":\"https:\\\/\\\/www.tritiopublicidad.es\\\/blog\\\/el-logo-de-toubkal-2014\\\/#primaryimage\",\"url\":\"https:\\\/\\\/www.tritiopublicidad.es\\\/blog\\\/wp-content\\\/uploads\\\/2014\\\/02\\\/1655660_655088371216938_1473723333_o-300x123.jpg\",\"contentUrl\":\"https:\\\/\\\/www.tritiopublicidad.es\\\/blog\\\/wp-content\\\/uploads\\\/2014\\\/02\\\/1655660_655088371216938_1473723333_o-300x123.jpg\"},{\"@type\":\"BreadcrumbList\",\"@id\":\"https:\\\/\\\/www.tritiopublicidad.es\\\/blog\\\/el-logo-de-toubkal-2014\\\/#breadcrumb\",\"itemListElement\":[{\"@type\":\"ListItem\",\"position\":1,\"name\":\"Portada\",\"item\":\"https:\\\/\\\/www.tritiopublicidad.es\\\/blog\\\/\"},{\"@type\":\"ListItem\",\"position\":2,\"name\":\"EL LOGO DE TOUBKAL 2014\"}]},{\"@type\":\"WebSite\",\"@id\":\"https:\\\/\\\/www.tritiopublicidad.es\\\/blog\\\/#website\",\"url\":\"https:\\\/\\\/www.tritiopublicidad.es\\\/blog\\\/\",\"name\":\"Tritio Publicidad\",\"description\":\"Campa&ntilde;as, marketing y logotipos\",\"potentialAction\":[{\"@type\":\"SearchAction\",\"target\":{\"@type\":\"EntryPoint\",\"urlTemplate\":\"https:\\\/\\\/www.tritiopublicidad.es\\\/blog\\\/?s={search_term_string}\"},\"query-input\":{\"@type\":\"PropertyValueSpecification\",\"valueRequired\":true,\"valueName\":\"search_term_string\"}}],\"inLanguage\":\"es\"},{\"@type\":\"Person\",\"@id\":\"https:\\\/\\\/www.tritiopublicidad.es\\\/blog\\\/#\\\/schema\\\/person\\\/d4a82bb9a7d9c97655a00baff397ca61\",\"name\":\"Admin 2\",\"image\":{\"@type\":\"ImageObject\",\"inLanguage\":\"es\",\"@id\":\"https:\\\/\\\/secure.gravatar.com\\\/avatar\\\/e36769033535f8ae2f95741cb281544c80c7e48721b032724ab85260265a1f02?s=96&d=mm&r=g\",\"url\":\"https:\\\/\\\/secure.gravatar.com\\\/avatar\\\/e36769033535f8ae2f95741cb281544c80c7e48721b032724ab85260265a1f02?s=96&d=mm&r=g\",\"contentUrl\":\"https:\\\/\\\/secure.gravatar.com\\\/avatar\\\/e36769033535f8ae2f95741cb281544c80c7e48721b032724ab85260265a1f02?s=96&d=mm&r=g\",\"caption\":\"Admin 2\"},\"url\":\"https:\\\/\\\/www.tritiopublicidad.es\\\/blog\\\/author\\\/diego\\\/\"}]}<\/script>\n<!-- \/ Yoast SEO plugin. -->","yoast_head_json":{"title":"EL LOGO DE TOUBKAL 2014 - Tritio Publicidad","robots":{"index":"index","follow":"follow","max-snippet":"max-snippet:-1","max-image-preview":"max-image-preview:large","max-video-preview":"max-video-preview:-1"},"canonical":"https:\/\/www.tritiopublicidad.es\/blog\/el-logo-de-toubkal-2014\/","og_locale":"es_ES","og_type":"article","og_title":"EL LOGO DE TOUBKAL 2014 - Tritio Publicidad","og_description":"En un logotipo tienen que concentrarse muchos valores intr\u00ednsecos, debe agrupar todo aquellos que se pretende transmitir. Por ello es tan complicado en muchas ocasiones llevarlos a cabo, sintetizar en unas l\u00edneas tantos significados. Jorge Cobos (http:\/\/www.jorgecobos.com\/) ha dise\u00f1ado el logotipo para la aventura Toubkal 2014, que se podr\u00e1 seguir d\u00eda a d\u00eda en www.historiasdediequito.es [&hellip;]","og_url":"https:\/\/www.tritiopublicidad.es\/blog\/el-logo-de-toubkal-2014\/","og_site_name":"Tritio Publicidad","article_published_time":"2014-02-16T22:40:38+00:00","article_modified_time":"2016-07-13T12:17:01+00:00","og_image":[{"url":"https:\/\/www.tritiopublicidad.es\/blog\/wp-content\/uploads\/2014\/02\/1655660_655088371216938_1473723333_o-300x123.jpg","type":"","width":"","height":""}],"author":"Admin 2","twitter_card":"summary_large_image","twitter_misc":{"Escrito por":"Admin 2","Tiempo de lectura":"1 minuto"},"schema":{"@context":"https:\/\/schema.org","@graph":[{"@type":"Article","@id":"https:\/\/www.tritiopublicidad.es\/blog\/el-logo-de-toubkal-2014\/#article","isPartOf":{"@id":"https:\/\/www.tritiopublicidad.es\/blog\/el-logo-de-toubkal-2014\/"},"author":{"name":"Admin 2","@id":"https:\/\/www.tritiopublicidad.es\/blog\/#\/schema\/person\/d4a82bb9a7d9c97655a00baff397ca61"},"headline":"EL LOGO DE TOUBKAL 2014","datePublished":"2014-02-16T22:40:38+00:00","dateModified":"2016-07-13T12:17:01+00:00","mainEntityOfPage":{"@id":"https:\/\/www.tritiopublicidad.es\/blog\/el-logo-de-toubkal-2014\/"},"wordCount":208,"commentCount":0,"image":{"@id":"https:\/\/www.tritiopublicidad.es\/blog\/el-logo-de-toubkal-2014\/#primaryimage"},"thumbnailUrl":"https:\/\/www.tritiopublicidad.es\/blog\/wp-content\/uploads\/2014\/02\/1655660_655088371216938_1473723333_o-300x123.jpg","keywords":["DIEGO CELMA TOUBKAL","LOGO TOUBKAL","LOGOTIPO TOUBKAL"],"articleSection":["Dise\u00f1o, Logotipos y Naming"],"inLanguage":"es","potentialAction":[{"@type":"CommentAction","name":"Comment","target":["https:\/\/www.tritiopublicidad.es\/blog\/el-logo-de-toubkal-2014\/#respond"]}]},{"@type":"WebPage","@id":"https:\/\/www.tritiopublicidad.es\/blog\/el-logo-de-toubkal-2014\/","url":"https:\/\/www.tritiopublicidad.es\/blog\/el-logo-de-toubkal-2014\/","name":"EL LOGO DE TOUBKAL 2014 - Tritio Publicidad","isPartOf":{"@id":"https:\/\/www.tritiopublicidad.es\/blog\/#website"},"primaryImageOfPage":{"@id":"https:\/\/www.tritiopublicidad.es\/blog\/el-logo-de-toubkal-2014\/#primaryimage"},"image":{"@id":"https:\/\/www.tritiopublicidad.es\/blog\/el-logo-de-toubkal-2014\/#primaryimage"},"thumbnailUrl":"https:\/\/www.tritiopublicidad.es\/blog\/wp-content\/uploads\/2014\/02\/1655660_655088371216938_1473723333_o-300x123.jpg","datePublished":"2014-02-16T22:40:38+00:00","dateModified":"2016-07-13T12:17:01+00:00","author":{"@id":"https:\/\/www.tritiopublicidad.es\/blog\/#\/schema\/person\/d4a82bb9a7d9c97655a00baff397ca61"},"breadcrumb":{"@id":"https:\/\/www.tritiopublicidad.es\/blog\/el-logo-de-toubkal-2014\/#breadcrumb"},"inLanguage":"es","potentialAction":[{"@type":"ReadAction","target":["https:\/\/www.tritiopublicidad.es\/blog\/el-logo-de-toubkal-2014\/"]}]},{"@type":"ImageObject","inLanguage":"es","@id":"https:\/\/www.tritiopublicidad.es\/blog\/el-logo-de-toubkal-2014\/#primaryimage","url":"https:\/\/www.tritiopublicidad.es\/blog\/wp-content\/uploads\/2014\/02\/1655660_655088371216938_1473723333_o-300x123.jpg","contentUrl":"https:\/\/www.tritiopublicidad.es\/blog\/wp-content\/uploads\/2014\/02\/1655660_655088371216938_1473723333_o-300x123.jpg"},{"@type":"BreadcrumbList","@id":"https:\/\/www.tritiopublicidad.es\/blog\/el-logo-de-toubkal-2014\/#breadcrumb","itemListElement":[{"@type":"ListItem","position":1,"name":"Portada","item":"https:\/\/www.tritiopublicidad.es\/blog\/"},{"@type":"ListItem","position":2,"name":"EL LOGO DE TOUBKAL 2014"}]},{"@type":"WebSite","@id":"https:\/\/www.tritiopublicidad.es\/blog\/#website","url":"https:\/\/www.tritiopublicidad.es\/blog\/","name":"Tritio Publicidad","description":"Campa&ntilde;as, marketing y logotipos","potentialAction":[{"@type":"SearchAction","target":{"@type":"EntryPoint","urlTemplate":"https:\/\/www.tritiopublicidad.es\/blog\/?s={search_term_string}"},"query-input":{"@type":"PropertyValueSpecification","valueRequired":true,"valueName":"search_term_string"}}],"inLanguage":"es"},{"@type":"Person","@id":"https:\/\/www.tritiopublicidad.es\/blog\/#\/schema\/person\/d4a82bb9a7d9c97655a00baff397ca61","name":"Admin 2","image":{"@type":"ImageObject","inLanguage":"es","@id":"https:\/\/secure.gravatar.com\/avatar\/e36769033535f8ae2f95741cb281544c80c7e48721b032724ab85260265a1f02?s=96&d=mm&r=g","url":"https:\/\/secure.gravatar.com\/avatar\/e36769033535f8ae2f95741cb281544c80c7e48721b032724ab85260265a1f02?s=96&d=mm&r=g","contentUrl":"https:\/\/secure.gravatar.com\/avatar\/e36769033535f8ae2f95741cb281544c80c7e48721b032724ab85260265a1f02?s=96&d=mm&r=g","caption":"Admin 2"},"url":"https:\/\/www.tritiopublicidad.es\/blog\/author\/diego\/"}]}},"_links":{"self":[{"href":"https:\/\/www.tritiopublicidad.es\/blog\/wp-json\/wp\/v2\/posts\/2939","targetHints":{"allow":["GET"]}}],"collection":[{"href":"https:\/\/www.tritiopublicidad.es\/blog\/wp-json\/wp\/v2\/posts"}],"about":[{"href":"https:\/\/www.tritiopublicidad.es\/blog\/wp-json\/wp\/v2\/types\/post"}],"author":[{"embeddable":true,"href":"https:\/\/www.tritiopublicidad.es\/blog\/wp-json\/wp\/v2\/users\/2"}],"replies":[{"embeddable":true,"href":"https:\/\/www.tritiopublicidad.es\/blog\/wp-json\/wp\/v2\/comments?post=2939"}],"version-history":[{"count":3,"href":"https:\/\/www.tritiopublicidad.es\/blog\/wp-json\/wp\/v2\/posts\/2939\/revisions"}],"predecessor-version":[{"id":3783,"href":"https:\/\/www.tritiopublicidad.es\/blog\/wp-json\/wp\/v2\/posts\/2939\/revisions\/3783"}],"wp:attachment":[{"href":"https:\/\/www.tritiopublicidad.es\/blog\/wp-json\/wp\/v2\/media?parent=2939"}],"wp:term":[{"taxonomy":"category","embeddable":true,"href":"https:\/\/www.tritiopublicidad.es\/blog\/wp-json\/wp\/v2\/categories?post=2939"},{"taxonomy":"post_tag","embeddable":true,"href":"https:\/\/www.tritiopublicidad.es\/blog\/wp-json\/wp\/v2\/tags?post=2939"}],"curies":[{"name":"wp","href":"https:\/\/api.w.org\/{rel}","templated":true}]}}