{"id":3814,"date":"2016-06-30T05:37:17","date_gmt":"2016-06-30T03:37:17","guid":{"rendered":"https:\/\/www.tritiopublicidad.es\/blog\/?p=3814"},"modified":"2020-04-03T09:27:24","modified_gmt":"2020-04-03T07:27:24","slug":"el-logotipo-de-mont-blanc-2016","status":"publish","type":"post","link":"https:\/\/www.tritiopublicidad.es\/blog\/el-logotipo-de-mont-blanc-2016\/","title":{"rendered":"EL LOGOTIPO DE MONT BLANC 2016"},"content":{"rendered":"<p style=\"text-align: center;\"><img fetchpriority=\"high\" decoding=\"async\" class=\"alignnone size-medium wp-image-3816\" src=\"https:\/\/www.tritiopublicidad.es\/blog\/wp-content\/uploads\/2016\/07\/monblanc-final-768x967-238x300.jpg\" alt=\"monblanc-final-768x967\" width=\"238\" height=\"300\" srcset=\"https:\/\/www.tritiopublicidad.es\/blog\/wp-content\/uploads\/2016\/07\/monblanc-final-768x967-238x300.jpg 238w, https:\/\/www.tritiopublicidad.es\/blog\/wp-content\/uploads\/2016\/07\/monblanc-final-768x967.jpg 768w\" sizes=\"(max-width: 238px) 100vw, 238px\" \/><\/p>\n<p>El inicio del alpinismo moderno se asocia a la primera ascensi\u00f3n al Montblanc, que tuvo lugar en 1786.\u00a0Balmat y Paccard, pioneros en su momento y motivo de admiraci\u00f3n en la actualidad ascendieron los 4810 metros de este coloso de los Alpes.<\/p>\n<p>230 a\u00f1os despu\u00e9s, 5 aragoneses intentaremos coronar esta monta\u00f1a y como viene siendo habitual, el logo no pod\u00eda faltar.\u00a0El logotipo destaca por su sencillez y por su textura <a href=\"http:\/\/www.vintageretro.es\">vintage<\/a> que trata de evocar a los alpinistas pioneros.<\/p>\n<p>Hay una segunda versi\u00f3n del logo con los apellidos y motes (bajo estas l\u00edneas).<\/p>\n<p>Diego Celma Herrando<\/p>\n<p><a href=\"https:\/\/www.tritiopublicidad.es\/blog\/wp-content\/uploads\/2016\/07\/monblanc.-nombre-814x1024.jpg\"><img decoding=\"async\" class=\"aligncenter wp-image-3815 size-large\" src=\"https:\/\/www.tritiopublicidad.es\/blog\/wp-content\/uploads\/2016\/07\/monblanc.-nombre-814x1024-814x1024.jpg\" alt=\"monblanc.-nombre-814x1024\" width=\"604\" height=\"760\" srcset=\"https:\/\/www.tritiopublicidad.es\/blog\/wp-content\/uploads\/2016\/07\/monblanc.-nombre-814x1024.jpg 814w, https:\/\/www.tritiopublicidad.es\/blog\/wp-content\/uploads\/2016\/07\/monblanc.-nombre-814x1024-238x300.jpg 238w, https:\/\/www.tritiopublicidad.es\/blog\/wp-content\/uploads\/2016\/07\/monblanc.-nombre-814x1024-768x966.jpg 768w\" sizes=\"(max-width: 604px) 100vw, 604px\" \/><\/a><\/p>\n","protected":false},"excerpt":{"rendered":"<p>El inicio del alpinismo moderno se asocia a la primera ascensi\u00f3n al Montblanc, que tuvo lugar en 1786.\u00a0Balmat y Paccard, pioneros en su momento y motivo de admiraci\u00f3n en la actualidad ascendieron los 4810 metros de este coloso de los Alpes. 230 a\u00f1os despu\u00e9s, 5 aragoneses intentaremos coronar esta monta\u00f1a y como viene siendo habitual, [&hellip;]<\/p>\n","protected":false},"author":2,"featured_media":0,"comment_status":"closed","ping_status":"closed","sticky":false,"template":"","format":"standard","meta":{"footnotes":""},"categories":[19],"tags":[3102,3103,3104],"class_list":["post-3814","post","type-post","status-publish","format-standard","hentry","category-diseno-logotipos-y-naming","tag-logo-mont-blanc","tag-logo-montblanc","tag-mont-blanc-2016"],"yoast_head":"<!-- This site is optimized with the Yoast SEO plugin v27.5 - https:\/\/yoast.com\/product\/yoast-seo-wordpress\/ -->\n<title>EL LOGOTIPO DE MONT BLANC 2016 - Tritio Publicidad<\/title>\n<meta name=\"robots\" content=\"index, follow, max-snippet:-1, max-image-preview:large, max-video-preview:-1\" \/>\n<link rel=\"canonical\" href=\"https:\/\/www.tritiopublicidad.es\/blog\/el-logotipo-de-mont-blanc-2016\/\" \/>\n<meta property=\"og:locale\" content=\"es_ES\" \/>\n<meta property=\"og:type\" content=\"article\" \/>\n<meta property=\"og:title\" content=\"EL LOGOTIPO DE MONT BLANC 2016 - Tritio Publicidad\" \/>\n<meta property=\"og:description\" content=\"El inicio del alpinismo moderno se asocia a la primera ascensi\u00f3n al Montblanc, que tuvo lugar en 1786.\u00a0Balmat y Paccard, pioneros en su momento y motivo de admiraci\u00f3n en la actualidad ascendieron los 4810 metros de este coloso de los Alpes. 230 a\u00f1os despu\u00e9s, 5 aragoneses intentaremos coronar esta monta\u00f1a y como viene siendo habitual, [&hellip;]\" \/>\n<meta property=\"og:url\" content=\"https:\/\/www.tritiopublicidad.es\/blog\/el-logotipo-de-mont-blanc-2016\/\" \/>\n<meta property=\"og:site_name\" content=\"Tritio Publicidad\" \/>\n<meta property=\"article:published_time\" content=\"2016-06-30T03:37:17+00:00\" \/>\n<meta property=\"article:modified_time\" content=\"2020-04-03T07:27:24+00:00\" \/>\n<meta property=\"og:image\" content=\"https:\/\/www.tritiopublicidad.es\/blog\/wp-content\/uploads\/2016\/07\/monblanc-final-768x967-238x300.jpg\" \/>\n<meta name=\"author\" content=\"Admin 2\" \/>\n<meta name=\"twitter:card\" content=\"summary_large_image\" \/>\n<meta name=\"twitter:label1\" content=\"Escrito por\" \/>\n\t<meta name=\"twitter:data1\" content=\"Admin 2\" \/>\n\t<meta name=\"twitter:label2\" content=\"Tiempo de lectura\" \/>\n\t<meta name=\"twitter:data2\" content=\"1 minuto\" \/>\n<script type=\"application\/ld+json\" class=\"yoast-schema-graph\">{\"@context\":\"https:\\\/\\\/schema.org\",\"@graph\":[{\"@type\":\"Article\",\"@id\":\"https:\\\/\\\/www.tritiopublicidad.es\\\/blog\\\/el-logotipo-de-mont-blanc-2016\\\/#article\",\"isPartOf\":{\"@id\":\"https:\\\/\\\/www.tritiopublicidad.es\\\/blog\\\/el-logotipo-de-mont-blanc-2016\\\/\"},\"author\":{\"name\":\"Admin 2\",\"@id\":\"https:\\\/\\\/www.tritiopublicidad.es\\\/blog\\\/#\\\/schema\\\/person\\\/d4a82bb9a7d9c97655a00baff397ca61\"},\"headline\":\"EL LOGOTIPO DE MONT BLANC 2016\",\"datePublished\":\"2016-06-30T03:37:17+00:00\",\"dateModified\":\"2020-04-03T07:27:24+00:00\",\"mainEntityOfPage\":{\"@id\":\"https:\\\/\\\/www.tritiopublicidad.es\\\/blog\\\/el-logotipo-de-mont-blanc-2016\\\/\"},\"wordCount\":106,\"image\":{\"@id\":\"https:\\\/\\\/www.tritiopublicidad.es\\\/blog\\\/el-logotipo-de-mont-blanc-2016\\\/#primaryimage\"},\"thumbnailUrl\":\"https:\\\/\\\/www.tritiopublicidad.es\\\/blog\\\/wp-content\\\/uploads\\\/2016\\\/07\\\/monblanc-final-768x967-238x300.jpg\",\"keywords\":[\"logo mont blanc\",\"logo montblanc\",\"mont blanc 2016\"],\"articleSection\":[\"Dise\u00f1o, Logotipos y Naming\"],\"inLanguage\":\"es\"},{\"@type\":\"WebPage\",\"@id\":\"https:\\\/\\\/www.tritiopublicidad.es\\\/blog\\\/el-logotipo-de-mont-blanc-2016\\\/\",\"url\":\"https:\\\/\\\/www.tritiopublicidad.es\\\/blog\\\/el-logotipo-de-mont-blanc-2016\\\/\",\"name\":\"EL LOGOTIPO DE MONT BLANC 2016 - Tritio Publicidad\",\"isPartOf\":{\"@id\":\"https:\\\/\\\/www.tritiopublicidad.es\\\/blog\\\/#website\"},\"primaryImageOfPage\":{\"@id\":\"https:\\\/\\\/www.tritiopublicidad.es\\\/blog\\\/el-logotipo-de-mont-blanc-2016\\\/#primaryimage\"},\"image\":{\"@id\":\"https:\\\/\\\/www.tritiopublicidad.es\\\/blog\\\/el-logotipo-de-mont-blanc-2016\\\/#primaryimage\"},\"thumbnailUrl\":\"https:\\\/\\\/www.tritiopublicidad.es\\\/blog\\\/wp-content\\\/uploads\\\/2016\\\/07\\\/monblanc-final-768x967-238x300.jpg\",\"datePublished\":\"2016-06-30T03:37:17+00:00\",\"dateModified\":\"2020-04-03T07:27:24+00:00\",\"author\":{\"@id\":\"https:\\\/\\\/www.tritiopublicidad.es\\\/blog\\\/#\\\/schema\\\/person\\\/d4a82bb9a7d9c97655a00baff397ca61\"},\"breadcrumb\":{\"@id\":\"https:\\\/\\\/www.tritiopublicidad.es\\\/blog\\\/el-logotipo-de-mont-blanc-2016\\\/#breadcrumb\"},\"inLanguage\":\"es\",\"potentialAction\":[{\"@type\":\"ReadAction\",\"target\":[\"https:\\\/\\\/www.tritiopublicidad.es\\\/blog\\\/el-logotipo-de-mont-blanc-2016\\\/\"]}]},{\"@type\":\"ImageObject\",\"inLanguage\":\"es\",\"@id\":\"https:\\\/\\\/www.tritiopublicidad.es\\\/blog\\\/el-logotipo-de-mont-blanc-2016\\\/#primaryimage\",\"url\":\"https:\\\/\\\/www.tritiopublicidad.es\\\/blog\\\/wp-content\\\/uploads\\\/2016\\\/07\\\/monblanc-final-768x967.jpg\",\"contentUrl\":\"https:\\\/\\\/www.tritiopublicidad.es\\\/blog\\\/wp-content\\\/uploads\\\/2016\\\/07\\\/monblanc-final-768x967.jpg\",\"width\":768,\"height\":967},{\"@type\":\"BreadcrumbList\",\"@id\":\"https:\\\/\\\/www.tritiopublicidad.es\\\/blog\\\/el-logotipo-de-mont-blanc-2016\\\/#breadcrumb\",\"itemListElement\":[{\"@type\":\"ListItem\",\"position\":1,\"name\":\"Portada\",\"item\":\"https:\\\/\\\/www.tritiopublicidad.es\\\/blog\\\/\"},{\"@type\":\"ListItem\",\"position\":2,\"name\":\"EL LOGOTIPO DE MONT BLANC 2016\"}]},{\"@type\":\"WebSite\",\"@id\":\"https:\\\/\\\/www.tritiopublicidad.es\\\/blog\\\/#website\",\"url\":\"https:\\\/\\\/www.tritiopublicidad.es\\\/blog\\\/\",\"name\":\"Tritio Publicidad\",\"description\":\"Campa&ntilde;as, marketing y logotipos\",\"potentialAction\":[{\"@type\":\"SearchAction\",\"target\":{\"@type\":\"EntryPoint\",\"urlTemplate\":\"https:\\\/\\\/www.tritiopublicidad.es\\\/blog\\\/?s={search_term_string}\"},\"query-input\":{\"@type\":\"PropertyValueSpecification\",\"valueRequired\":true,\"valueName\":\"search_term_string\"}}],\"inLanguage\":\"es\"},{\"@type\":\"Person\",\"@id\":\"https:\\\/\\\/www.tritiopublicidad.es\\\/blog\\\/#\\\/schema\\\/person\\\/d4a82bb9a7d9c97655a00baff397ca61\",\"name\":\"Admin 2\",\"image\":{\"@type\":\"ImageObject\",\"inLanguage\":\"es\",\"@id\":\"https:\\\/\\\/secure.gravatar.com\\\/avatar\\\/e36769033535f8ae2f95741cb281544c80c7e48721b032724ab85260265a1f02?s=96&d=mm&r=g\",\"url\":\"https:\\\/\\\/secure.gravatar.com\\\/avatar\\\/e36769033535f8ae2f95741cb281544c80c7e48721b032724ab85260265a1f02?s=96&d=mm&r=g\",\"contentUrl\":\"https:\\\/\\\/secure.gravatar.com\\\/avatar\\\/e36769033535f8ae2f95741cb281544c80c7e48721b032724ab85260265a1f02?s=96&d=mm&r=g\",\"caption\":\"Admin 2\"},\"url\":\"https:\\\/\\\/www.tritiopublicidad.es\\\/blog\\\/author\\\/diego\\\/\"}]}<\/script>\n<!-- \/ Yoast SEO plugin. -->","yoast_head_json":{"title":"EL LOGOTIPO DE MONT BLANC 2016 - Tritio Publicidad","robots":{"index":"index","follow":"follow","max-snippet":"max-snippet:-1","max-image-preview":"max-image-preview:large","max-video-preview":"max-video-preview:-1"},"canonical":"https:\/\/www.tritiopublicidad.es\/blog\/el-logotipo-de-mont-blanc-2016\/","og_locale":"es_ES","og_type":"article","og_title":"EL LOGOTIPO DE MONT BLANC 2016 - Tritio Publicidad","og_description":"El inicio del alpinismo moderno se asocia a la primera ascensi\u00f3n al Montblanc, que tuvo lugar en 1786.\u00a0Balmat y Paccard, pioneros en su momento y motivo de admiraci\u00f3n en la actualidad ascendieron los 4810 metros de este coloso de los Alpes. 230 a\u00f1os despu\u00e9s, 5 aragoneses intentaremos coronar esta monta\u00f1a y como viene siendo habitual, [&hellip;]","og_url":"https:\/\/www.tritiopublicidad.es\/blog\/el-logotipo-de-mont-blanc-2016\/","og_site_name":"Tritio Publicidad","article_published_time":"2016-06-30T03:37:17+00:00","article_modified_time":"2020-04-03T07:27:24+00:00","og_image":[{"url":"https:\/\/www.tritiopublicidad.es\/blog\/wp-content\/uploads\/2016\/07\/monblanc-final-768x967-238x300.jpg","type":"","width":"","height":""}],"author":"Admin 2","twitter_card":"summary_large_image","twitter_misc":{"Escrito por":"Admin 2","Tiempo de lectura":"1 minuto"},"schema":{"@context":"https:\/\/schema.org","@graph":[{"@type":"Article","@id":"https:\/\/www.tritiopublicidad.es\/blog\/el-logotipo-de-mont-blanc-2016\/#article","isPartOf":{"@id":"https:\/\/www.tritiopublicidad.es\/blog\/el-logotipo-de-mont-blanc-2016\/"},"author":{"name":"Admin 2","@id":"https:\/\/www.tritiopublicidad.es\/blog\/#\/schema\/person\/d4a82bb9a7d9c97655a00baff397ca61"},"headline":"EL LOGOTIPO DE MONT BLANC 2016","datePublished":"2016-06-30T03:37:17+00:00","dateModified":"2020-04-03T07:27:24+00:00","mainEntityOfPage":{"@id":"https:\/\/www.tritiopublicidad.es\/blog\/el-logotipo-de-mont-blanc-2016\/"},"wordCount":106,"image":{"@id":"https:\/\/www.tritiopublicidad.es\/blog\/el-logotipo-de-mont-blanc-2016\/#primaryimage"},"thumbnailUrl":"https:\/\/www.tritiopublicidad.es\/blog\/wp-content\/uploads\/2016\/07\/monblanc-final-768x967-238x300.jpg","keywords":["logo mont blanc","logo montblanc","mont blanc 2016"],"articleSection":["Dise\u00f1o, Logotipos y Naming"],"inLanguage":"es"},{"@type":"WebPage","@id":"https:\/\/www.tritiopublicidad.es\/blog\/el-logotipo-de-mont-blanc-2016\/","url":"https:\/\/www.tritiopublicidad.es\/blog\/el-logotipo-de-mont-blanc-2016\/","name":"EL LOGOTIPO DE MONT BLANC 2016 - Tritio Publicidad","isPartOf":{"@id":"https:\/\/www.tritiopublicidad.es\/blog\/#website"},"primaryImageOfPage":{"@id":"https:\/\/www.tritiopublicidad.es\/blog\/el-logotipo-de-mont-blanc-2016\/#primaryimage"},"image":{"@id":"https:\/\/www.tritiopublicidad.es\/blog\/el-logotipo-de-mont-blanc-2016\/#primaryimage"},"thumbnailUrl":"https:\/\/www.tritiopublicidad.es\/blog\/wp-content\/uploads\/2016\/07\/monblanc-final-768x967-238x300.jpg","datePublished":"2016-06-30T03:37:17+00:00","dateModified":"2020-04-03T07:27:24+00:00","author":{"@id":"https:\/\/www.tritiopublicidad.es\/blog\/#\/schema\/person\/d4a82bb9a7d9c97655a00baff397ca61"},"breadcrumb":{"@id":"https:\/\/www.tritiopublicidad.es\/blog\/el-logotipo-de-mont-blanc-2016\/#breadcrumb"},"inLanguage":"es","potentialAction":[{"@type":"ReadAction","target":["https:\/\/www.tritiopublicidad.es\/blog\/el-logotipo-de-mont-blanc-2016\/"]}]},{"@type":"ImageObject","inLanguage":"es","@id":"https:\/\/www.tritiopublicidad.es\/blog\/el-logotipo-de-mont-blanc-2016\/#primaryimage","url":"https:\/\/www.tritiopublicidad.es\/blog\/wp-content\/uploads\/2016\/07\/monblanc-final-768x967.jpg","contentUrl":"https:\/\/www.tritiopublicidad.es\/blog\/wp-content\/uploads\/2016\/07\/monblanc-final-768x967.jpg","width":768,"height":967},{"@type":"BreadcrumbList","@id":"https:\/\/www.tritiopublicidad.es\/blog\/el-logotipo-de-mont-blanc-2016\/#breadcrumb","itemListElement":[{"@type":"ListItem","position":1,"name":"Portada","item":"https:\/\/www.tritiopublicidad.es\/blog\/"},{"@type":"ListItem","position":2,"name":"EL LOGOTIPO DE MONT BLANC 2016"}]},{"@type":"WebSite","@id":"https:\/\/www.tritiopublicidad.es\/blog\/#website","url":"https:\/\/www.tritiopublicidad.es\/blog\/","name":"Tritio Publicidad","description":"Campa&ntilde;as, marketing y logotipos","potentialAction":[{"@type":"SearchAction","target":{"@type":"EntryPoint","urlTemplate":"https:\/\/www.tritiopublicidad.es\/blog\/?s={search_term_string}"},"query-input":{"@type":"PropertyValueSpecification","valueRequired":true,"valueName":"search_term_string"}}],"inLanguage":"es"},{"@type":"Person","@id":"https:\/\/www.tritiopublicidad.es\/blog\/#\/schema\/person\/d4a82bb9a7d9c97655a00baff397ca61","name":"Admin 2","image":{"@type":"ImageObject","inLanguage":"es","@id":"https:\/\/secure.gravatar.com\/avatar\/e36769033535f8ae2f95741cb281544c80c7e48721b032724ab85260265a1f02?s=96&d=mm&r=g","url":"https:\/\/secure.gravatar.com\/avatar\/e36769033535f8ae2f95741cb281544c80c7e48721b032724ab85260265a1f02?s=96&d=mm&r=g","contentUrl":"https:\/\/secure.gravatar.com\/avatar\/e36769033535f8ae2f95741cb281544c80c7e48721b032724ab85260265a1f02?s=96&d=mm&r=g","caption":"Admin 2"},"url":"https:\/\/www.tritiopublicidad.es\/blog\/author\/diego\/"}]}},"_links":{"self":[{"href":"https:\/\/www.tritiopublicidad.es\/blog\/wp-json\/wp\/v2\/posts\/3814","targetHints":{"allow":["GET"]}}],"collection":[{"href":"https:\/\/www.tritiopublicidad.es\/blog\/wp-json\/wp\/v2\/posts"}],"about":[{"href":"https:\/\/www.tritiopublicidad.es\/blog\/wp-json\/wp\/v2\/types\/post"}],"author":[{"embeddable":true,"href":"https:\/\/www.tritiopublicidad.es\/blog\/wp-json\/wp\/v2\/users\/2"}],"replies":[{"embeddable":true,"href":"https:\/\/www.tritiopublicidad.es\/blog\/wp-json\/wp\/v2\/comments?post=3814"}],"version-history":[{"count":2,"href":"https:\/\/www.tritiopublicidad.es\/blog\/wp-json\/wp\/v2\/posts\/3814\/revisions"}],"predecessor-version":[{"id":3839,"href":"https:\/\/www.tritiopublicidad.es\/blog\/wp-json\/wp\/v2\/posts\/3814\/revisions\/3839"}],"wp:attachment":[{"href":"https:\/\/www.tritiopublicidad.es\/blog\/wp-json\/wp\/v2\/media?parent=3814"}],"wp:term":[{"taxonomy":"category","embeddable":true,"href":"https:\/\/www.tritiopublicidad.es\/blog\/wp-json\/wp\/v2\/categories?post=3814"},{"taxonomy":"post_tag","embeddable":true,"href":"https:\/\/www.tritiopublicidad.es\/blog\/wp-json\/wp\/v2\/tags?post=3814"}],"curies":[{"name":"wp","href":"https:\/\/api.w.org\/{rel}","templated":true}]}}