{"id":3825,"date":"2015-08-13T06:54:50","date_gmt":"2015-08-13T04:54:50","guid":{"rendered":"https:\/\/www.tritiopublicidad.es\/blog\/?p=3825"},"modified":"2016-07-13T14:55:33","modified_gmt":"2016-07-13T12:55:33","slug":"volkswagen-contra-el-uso-del-movil","status":"publish","type":"post","link":"https:\/\/www.tritiopublicidad.es\/blog\/volkswagen-contra-el-uso-del-movil\/","title":{"rendered":"VOLKSWAGEN CONTRA EL USO DEL M\u00d3VIL"},"content":{"rendered":"<p style=\"text-align: center;\"><img fetchpriority=\"high\" decoding=\"async\" class=\"alignnone size-large wp-image-2631\" src=\"https:\/\/www.relevant.ninja\/wp-content\/uploads\/2016\/06\/vw-please-dont-text-and-drive-ad-601x800.jpg\" alt=\"vw-please-dont-text-and-drive-ad\" width=\"601\" height=\"800\" \/><\/p>\n<p>El m\u00f3vil es un artilugio mortal cuando se hace uso de \u00e9l durante la conducci\u00f3n. Antes los usuarios lo utilizaban para llamar, y ahora, a pesar de que tambi\u00e9n se hacen llamadas, las aplicaciones como Line o Whatsapp son protagonistas y muchos conductores escriben utilizando este tipo de chats.<\/p>\n<p>Volkswagen lanz\u00f3 una campa\u00f1a en ingl\u00e9s en la que predomina la sencillez y el minimalismo. El eslogan principal es \u201cPor favor, no escribas mientras conduces\u201d y la creatividad est\u00e1 en el centro de los carteles, en una sencilla frase.<\/p>\n<p>En uno de ellos\u00a0el conductor escribe a alguien para decirle que llegar\u00e1 tarde debido al atasco, sin embargo, el escritor predictivo de su Smartphone le sugiere traffic y trauma detr\u00e1s de TR, en el segundo cartel\u00a0detr\u00e1s de la N ven\u00eda\u00a0ahora y nunca. En el \u00faltimo ejemplo, (en la imagen) para m\u00ed el m\u00e1s bestia aunque sin duda el mejor, detr\u00e1s de wh vienen while (mientras, que en esa expresi\u00f3n significa en un rato), y wheelchair (silla de ruedas).<\/p>\n<p>Una campa\u00f1a llamativa con la que Volkswagen quiere incitar a los conductores a tener una conducci\u00f3n responsable, alejada de las imprudencias y por ende, de los accidentes. Una maravilla.<\/p>\n<p>Diego Celma Herrando<\/p>\n<p>Imagen: kulfoto<\/p>\n","protected":false},"excerpt":{"rendered":"<p>El m\u00f3vil es un artilugio mortal cuando se hace uso de \u00e9l durante la conducci\u00f3n. Antes los usuarios lo utilizaban para llamar, y ahora, a pesar de que tambi\u00e9n se hacen llamadas, las aplicaciones como Line o Whatsapp son protagonistas y muchos conductores escriben utilizando este tipo de chats. Volkswagen lanz\u00f3 una campa\u00f1a en ingl\u00e9s [&hellip;]<\/p>\n","protected":false},"author":2,"featured_media":0,"comment_status":"closed","ping_status":"closed","sticky":false,"template":"","format":"standard","meta":{"footnotes":""},"categories":[61],"tags":[3110,2913],"class_list":["post-3825","post","type-post","status-publish","format-standard","hentry","category-grandes-campanas-de-comunicacion","tag-ad-volkswagen","tag-volkswagen"],"yoast_head":"<!-- This site is optimized with the Yoast SEO plugin v27.4 - https:\/\/yoast.com\/product\/yoast-seo-wordpress\/ -->\n<title>VOLKSWAGEN CONTRA EL USO DEL M\u00d3VIL - Tritio Publicidad<\/title>\n<meta name=\"robots\" content=\"index, follow, max-snippet:-1, max-image-preview:large, max-video-preview:-1\" \/>\n<link rel=\"canonical\" href=\"https:\/\/www.tritiopublicidad.es\/blog\/volkswagen-contra-el-uso-del-movil\/\" \/>\n<meta property=\"og:locale\" content=\"es_ES\" \/>\n<meta property=\"og:type\" content=\"article\" \/>\n<meta property=\"og:title\" content=\"VOLKSWAGEN CONTRA EL USO DEL M\u00d3VIL - Tritio Publicidad\" \/>\n<meta property=\"og:description\" content=\"El m\u00f3vil es un artilugio mortal cuando se hace uso de \u00e9l durante la conducci\u00f3n. Antes los usuarios lo utilizaban para llamar, y ahora, a pesar de que tambi\u00e9n se hacen llamadas, las aplicaciones como Line o Whatsapp son protagonistas y muchos conductores escriben utilizando este tipo de chats. Volkswagen lanz\u00f3 una campa\u00f1a en ingl\u00e9s [&hellip;]\" \/>\n<meta property=\"og:url\" content=\"https:\/\/www.tritiopublicidad.es\/blog\/volkswagen-contra-el-uso-del-movil\/\" \/>\n<meta property=\"og:site_name\" content=\"Tritio Publicidad\" \/>\n<meta property=\"article:published_time\" content=\"2015-08-13T04:54:50+00:00\" \/>\n<meta property=\"article:modified_time\" content=\"2016-07-13T12:55:33+00:00\" \/>\n<meta property=\"og:image\" content=\"https:\/\/www.relevant.ninja\/wp-content\/uploads\/2016\/06\/vw-please-dont-text-and-drive-ad-601x800.jpg\" \/>\n<meta name=\"author\" content=\"Admin 2\" \/>\n<meta name=\"twitter:card\" content=\"summary_large_image\" \/>\n<meta name=\"twitter:label1\" content=\"Escrito por\" \/>\n\t<meta name=\"twitter:data1\" content=\"Admin 2\" \/>\n\t<meta name=\"twitter:label2\" content=\"Tiempo de lectura\" \/>\n\t<meta name=\"twitter:data2\" content=\"1 minuto\" \/>\n<script type=\"application\/ld+json\" class=\"yoast-schema-graph\">{\"@context\":\"https:\\\/\\\/schema.org\",\"@graph\":[{\"@type\":\"Article\",\"@id\":\"https:\\\/\\\/www.tritiopublicidad.es\\\/blog\\\/volkswagen-contra-el-uso-del-movil\\\/#article\",\"isPartOf\":{\"@id\":\"https:\\\/\\\/www.tritiopublicidad.es\\\/blog\\\/volkswagen-contra-el-uso-del-movil\\\/\"},\"author\":{\"name\":\"Admin 2\",\"@id\":\"https:\\\/\\\/www.tritiopublicidad.es\\\/blog\\\/#\\\/schema\\\/person\\\/d4a82bb9a7d9c97655a00baff397ca61\"},\"headline\":\"VOLKSWAGEN CONTRA EL USO DEL M\u00d3VIL\",\"datePublished\":\"2015-08-13T04:54:50+00:00\",\"dateModified\":\"2016-07-13T12:55:33+00:00\",\"mainEntityOfPage\":{\"@id\":\"https:\\\/\\\/www.tritiopublicidad.es\\\/blog\\\/volkswagen-contra-el-uso-del-movil\\\/\"},\"wordCount\":223,\"image\":{\"@id\":\"https:\\\/\\\/www.tritiopublicidad.es\\\/blog\\\/volkswagen-contra-el-uso-del-movil\\\/#primaryimage\"},\"thumbnailUrl\":\"https:\\\/\\\/www.relevant.ninja\\\/wp-content\\\/uploads\\\/2016\\\/06\\\/vw-please-dont-text-and-drive-ad-601x800.jpg\",\"keywords\":[\"ad volkswagen\",\"VOLKSWAGEN\"],\"articleSection\":[\"Grandes Campa\u00f1as de Comunicaci\u00f3n\"],\"inLanguage\":\"es\"},{\"@type\":\"WebPage\",\"@id\":\"https:\\\/\\\/www.tritiopublicidad.es\\\/blog\\\/volkswagen-contra-el-uso-del-movil\\\/\",\"url\":\"https:\\\/\\\/www.tritiopublicidad.es\\\/blog\\\/volkswagen-contra-el-uso-del-movil\\\/\",\"name\":\"VOLKSWAGEN CONTRA EL USO DEL M\u00d3VIL - Tritio Publicidad\",\"isPartOf\":{\"@id\":\"https:\\\/\\\/www.tritiopublicidad.es\\\/blog\\\/#website\"},\"primaryImageOfPage\":{\"@id\":\"https:\\\/\\\/www.tritiopublicidad.es\\\/blog\\\/volkswagen-contra-el-uso-del-movil\\\/#primaryimage\"},\"image\":{\"@id\":\"https:\\\/\\\/www.tritiopublicidad.es\\\/blog\\\/volkswagen-contra-el-uso-del-movil\\\/#primaryimage\"},\"thumbnailUrl\":\"https:\\\/\\\/www.relevant.ninja\\\/wp-content\\\/uploads\\\/2016\\\/06\\\/vw-please-dont-text-and-drive-ad-601x800.jpg\",\"datePublished\":\"2015-08-13T04:54:50+00:00\",\"dateModified\":\"2016-07-13T12:55:33+00:00\",\"author\":{\"@id\":\"https:\\\/\\\/www.tritiopublicidad.es\\\/blog\\\/#\\\/schema\\\/person\\\/d4a82bb9a7d9c97655a00baff397ca61\"},\"breadcrumb\":{\"@id\":\"https:\\\/\\\/www.tritiopublicidad.es\\\/blog\\\/volkswagen-contra-el-uso-del-movil\\\/#breadcrumb\"},\"inLanguage\":\"es\",\"potentialAction\":[{\"@type\":\"ReadAction\",\"target\":[\"https:\\\/\\\/www.tritiopublicidad.es\\\/blog\\\/volkswagen-contra-el-uso-del-movil\\\/\"]}]},{\"@type\":\"ImageObject\",\"inLanguage\":\"es\",\"@id\":\"https:\\\/\\\/www.tritiopublicidad.es\\\/blog\\\/volkswagen-contra-el-uso-del-movil\\\/#primaryimage\",\"url\":\"https:\\\/\\\/www.relevant.ninja\\\/wp-content\\\/uploads\\\/2016\\\/06\\\/vw-please-dont-text-and-drive-ad-601x800.jpg\",\"contentUrl\":\"https:\\\/\\\/www.relevant.ninja\\\/wp-content\\\/uploads\\\/2016\\\/06\\\/vw-please-dont-text-and-drive-ad-601x800.jpg\"},{\"@type\":\"BreadcrumbList\",\"@id\":\"https:\\\/\\\/www.tritiopublicidad.es\\\/blog\\\/volkswagen-contra-el-uso-del-movil\\\/#breadcrumb\",\"itemListElement\":[{\"@type\":\"ListItem\",\"position\":1,\"name\":\"Portada\",\"item\":\"https:\\\/\\\/www.tritiopublicidad.es\\\/blog\\\/\"},{\"@type\":\"ListItem\",\"position\":2,\"name\":\"VOLKSWAGEN CONTRA EL USO DEL M\u00d3VIL\"}]},{\"@type\":\"WebSite\",\"@id\":\"https:\\\/\\\/www.tritiopublicidad.es\\\/blog\\\/#website\",\"url\":\"https:\\\/\\\/www.tritiopublicidad.es\\\/blog\\\/\",\"name\":\"Tritio Publicidad\",\"description\":\"Campa&ntilde;as, marketing y logotipos\",\"potentialAction\":[{\"@type\":\"SearchAction\",\"target\":{\"@type\":\"EntryPoint\",\"urlTemplate\":\"https:\\\/\\\/www.tritiopublicidad.es\\\/blog\\\/?s={search_term_string}\"},\"query-input\":{\"@type\":\"PropertyValueSpecification\",\"valueRequired\":true,\"valueName\":\"search_term_string\"}}],\"inLanguage\":\"es\"},{\"@type\":\"Person\",\"@id\":\"https:\\\/\\\/www.tritiopublicidad.es\\\/blog\\\/#\\\/schema\\\/person\\\/d4a82bb9a7d9c97655a00baff397ca61\",\"name\":\"Admin 2\",\"image\":{\"@type\":\"ImageObject\",\"inLanguage\":\"es\",\"@id\":\"https:\\\/\\\/secure.gravatar.com\\\/avatar\\\/e36769033535f8ae2f95741cb281544c80c7e48721b032724ab85260265a1f02?s=96&d=mm&r=g\",\"url\":\"https:\\\/\\\/secure.gravatar.com\\\/avatar\\\/e36769033535f8ae2f95741cb281544c80c7e48721b032724ab85260265a1f02?s=96&d=mm&r=g\",\"contentUrl\":\"https:\\\/\\\/secure.gravatar.com\\\/avatar\\\/e36769033535f8ae2f95741cb281544c80c7e48721b032724ab85260265a1f02?s=96&d=mm&r=g\",\"caption\":\"Admin 2\"},\"url\":\"https:\\\/\\\/www.tritiopublicidad.es\\\/blog\\\/author\\\/diego\\\/\"}]}<\/script>\n<!-- \/ Yoast SEO plugin. -->","yoast_head_json":{"title":"VOLKSWAGEN CONTRA EL USO DEL M\u00d3VIL - Tritio Publicidad","robots":{"index":"index","follow":"follow","max-snippet":"max-snippet:-1","max-image-preview":"max-image-preview:large","max-video-preview":"max-video-preview:-1"},"canonical":"https:\/\/www.tritiopublicidad.es\/blog\/volkswagen-contra-el-uso-del-movil\/","og_locale":"es_ES","og_type":"article","og_title":"VOLKSWAGEN CONTRA EL USO DEL M\u00d3VIL - Tritio Publicidad","og_description":"El m\u00f3vil es un artilugio mortal cuando se hace uso de \u00e9l durante la conducci\u00f3n. Antes los usuarios lo utilizaban para llamar, y ahora, a pesar de que tambi\u00e9n se hacen llamadas, las aplicaciones como Line o Whatsapp son protagonistas y muchos conductores escriben utilizando este tipo de chats. Volkswagen lanz\u00f3 una campa\u00f1a en ingl\u00e9s [&hellip;]","og_url":"https:\/\/www.tritiopublicidad.es\/blog\/volkswagen-contra-el-uso-del-movil\/","og_site_name":"Tritio Publicidad","article_published_time":"2015-08-13T04:54:50+00:00","article_modified_time":"2016-07-13T12:55:33+00:00","og_image":[{"url":"https:\/\/www.relevant.ninja\/wp-content\/uploads\/2016\/06\/vw-please-dont-text-and-drive-ad-601x800.jpg","type":"","width":"","height":""}],"author":"Admin 2","twitter_card":"summary_large_image","twitter_misc":{"Escrito por":"Admin 2","Tiempo de lectura":"1 minuto"},"schema":{"@context":"https:\/\/schema.org","@graph":[{"@type":"Article","@id":"https:\/\/www.tritiopublicidad.es\/blog\/volkswagen-contra-el-uso-del-movil\/#article","isPartOf":{"@id":"https:\/\/www.tritiopublicidad.es\/blog\/volkswagen-contra-el-uso-del-movil\/"},"author":{"name":"Admin 2","@id":"https:\/\/www.tritiopublicidad.es\/blog\/#\/schema\/person\/d4a82bb9a7d9c97655a00baff397ca61"},"headline":"VOLKSWAGEN CONTRA EL USO DEL M\u00d3VIL","datePublished":"2015-08-13T04:54:50+00:00","dateModified":"2016-07-13T12:55:33+00:00","mainEntityOfPage":{"@id":"https:\/\/www.tritiopublicidad.es\/blog\/volkswagen-contra-el-uso-del-movil\/"},"wordCount":223,"image":{"@id":"https:\/\/www.tritiopublicidad.es\/blog\/volkswagen-contra-el-uso-del-movil\/#primaryimage"},"thumbnailUrl":"https:\/\/www.relevant.ninja\/wp-content\/uploads\/2016\/06\/vw-please-dont-text-and-drive-ad-601x800.jpg","keywords":["ad volkswagen","VOLKSWAGEN"],"articleSection":["Grandes Campa\u00f1as de Comunicaci\u00f3n"],"inLanguage":"es"},{"@type":"WebPage","@id":"https:\/\/www.tritiopublicidad.es\/blog\/volkswagen-contra-el-uso-del-movil\/","url":"https:\/\/www.tritiopublicidad.es\/blog\/volkswagen-contra-el-uso-del-movil\/","name":"VOLKSWAGEN CONTRA EL USO DEL M\u00d3VIL - Tritio Publicidad","isPartOf":{"@id":"https:\/\/www.tritiopublicidad.es\/blog\/#website"},"primaryImageOfPage":{"@id":"https:\/\/www.tritiopublicidad.es\/blog\/volkswagen-contra-el-uso-del-movil\/#primaryimage"},"image":{"@id":"https:\/\/www.tritiopublicidad.es\/blog\/volkswagen-contra-el-uso-del-movil\/#primaryimage"},"thumbnailUrl":"https:\/\/www.relevant.ninja\/wp-content\/uploads\/2016\/06\/vw-please-dont-text-and-drive-ad-601x800.jpg","datePublished":"2015-08-13T04:54:50+00:00","dateModified":"2016-07-13T12:55:33+00:00","author":{"@id":"https:\/\/www.tritiopublicidad.es\/blog\/#\/schema\/person\/d4a82bb9a7d9c97655a00baff397ca61"},"breadcrumb":{"@id":"https:\/\/www.tritiopublicidad.es\/blog\/volkswagen-contra-el-uso-del-movil\/#breadcrumb"},"inLanguage":"es","potentialAction":[{"@type":"ReadAction","target":["https:\/\/www.tritiopublicidad.es\/blog\/volkswagen-contra-el-uso-del-movil\/"]}]},{"@type":"ImageObject","inLanguage":"es","@id":"https:\/\/www.tritiopublicidad.es\/blog\/volkswagen-contra-el-uso-del-movil\/#primaryimage","url":"https:\/\/www.relevant.ninja\/wp-content\/uploads\/2016\/06\/vw-please-dont-text-and-drive-ad-601x800.jpg","contentUrl":"https:\/\/www.relevant.ninja\/wp-content\/uploads\/2016\/06\/vw-please-dont-text-and-drive-ad-601x800.jpg"},{"@type":"BreadcrumbList","@id":"https:\/\/www.tritiopublicidad.es\/blog\/volkswagen-contra-el-uso-del-movil\/#breadcrumb","itemListElement":[{"@type":"ListItem","position":1,"name":"Portada","item":"https:\/\/www.tritiopublicidad.es\/blog\/"},{"@type":"ListItem","position":2,"name":"VOLKSWAGEN CONTRA EL USO DEL M\u00d3VIL"}]},{"@type":"WebSite","@id":"https:\/\/www.tritiopublicidad.es\/blog\/#website","url":"https:\/\/www.tritiopublicidad.es\/blog\/","name":"Tritio Publicidad","description":"Campa&ntilde;as, marketing y logotipos","potentialAction":[{"@type":"SearchAction","target":{"@type":"EntryPoint","urlTemplate":"https:\/\/www.tritiopublicidad.es\/blog\/?s={search_term_string}"},"query-input":{"@type":"PropertyValueSpecification","valueRequired":true,"valueName":"search_term_string"}}],"inLanguage":"es"},{"@type":"Person","@id":"https:\/\/www.tritiopublicidad.es\/blog\/#\/schema\/person\/d4a82bb9a7d9c97655a00baff397ca61","name":"Admin 2","image":{"@type":"ImageObject","inLanguage":"es","@id":"https:\/\/secure.gravatar.com\/avatar\/e36769033535f8ae2f95741cb281544c80c7e48721b032724ab85260265a1f02?s=96&d=mm&r=g","url":"https:\/\/secure.gravatar.com\/avatar\/e36769033535f8ae2f95741cb281544c80c7e48721b032724ab85260265a1f02?s=96&d=mm&r=g","contentUrl":"https:\/\/secure.gravatar.com\/avatar\/e36769033535f8ae2f95741cb281544c80c7e48721b032724ab85260265a1f02?s=96&d=mm&r=g","caption":"Admin 2"},"url":"https:\/\/www.tritiopublicidad.es\/blog\/author\/diego\/"}]}},"_links":{"self":[{"href":"https:\/\/www.tritiopublicidad.es\/blog\/wp-json\/wp\/v2\/posts\/3825","targetHints":{"allow":["GET"]}}],"collection":[{"href":"https:\/\/www.tritiopublicidad.es\/blog\/wp-json\/wp\/v2\/posts"}],"about":[{"href":"https:\/\/www.tritiopublicidad.es\/blog\/wp-json\/wp\/v2\/types\/post"}],"author":[{"embeddable":true,"href":"https:\/\/www.tritiopublicidad.es\/blog\/wp-json\/wp\/v2\/users\/2"}],"replies":[{"embeddable":true,"href":"https:\/\/www.tritiopublicidad.es\/blog\/wp-json\/wp\/v2\/comments?post=3825"}],"version-history":[{"count":1,"href":"https:\/\/www.tritiopublicidad.es\/blog\/wp-json\/wp\/v2\/posts\/3825\/revisions"}],"predecessor-version":[{"id":3826,"href":"https:\/\/www.tritiopublicidad.es\/blog\/wp-json\/wp\/v2\/posts\/3825\/revisions\/3826"}],"wp:attachment":[{"href":"https:\/\/www.tritiopublicidad.es\/blog\/wp-json\/wp\/v2\/media?parent=3825"}],"wp:term":[{"taxonomy":"category","embeddable":true,"href":"https:\/\/www.tritiopublicidad.es\/blog\/wp-json\/wp\/v2\/categories?post=3825"},{"taxonomy":"post_tag","embeddable":true,"href":"https:\/\/www.tritiopublicidad.es\/blog\/wp-json\/wp\/v2\/tags?post=3825"}],"curies":[{"name":"wp","href":"https:\/\/api.w.org\/{rel}","templated":true}]}}