{"id":48,"date":"2009-03-18T00:00:00","date_gmt":"2009-03-17T23:00:00","guid":{"rendered":"http:\/\/alexcaffery.com\/tritio\/?p=48"},"modified":"2016-07-13T12:22:40","modified_gmt":"2016-07-13T10:22:40","slug":"laxinexplicablexactitudxdexlosxmediosxconxrespectoxaxlaxcrisis","status":"publish","type":"post","link":"https:\/\/www.tritiopublicidad.es\/blog\/laxinexplicablexactitudxdexlosxmediosxconxrespectoxaxlaxcrisis\/","title":{"rendered":"LA INEXPLICABLE ACTITUD DE LOS MEDIOS CON RESPECTO A LA CRISIS"},"content":{"rendered":"<p style=\"text-align: center;\"><img decoding=\"async\" class=\"aligncenter\" src=\"\/wp-content\/uploads\/20090318135152-crisis.jpg\" alt=\"\" align=\"center\" \/><\/p>\n<p class=\"MsoNormal\" style=\"margin: 0cm 0cm 0pt;\"><span style=\"font-family: arial,helvetica,sans-serif;\">Con el alba comienzan los informativos matinales, estamos ante las primeras informaciones del d\u00eda y cerca del 70% de las noticias est\u00e1n relacionadas con la crisis; que si bancos en quiebra, que si Premios Nobel nos auguran un futuro muy negro, que si ca\u00edda en picado del Ibex, que si m\u00e1ximos hist\u00f3ricos de paro\u2026desde las tostadas con mantequilla y el zumo reci\u00e9n exprimido ya tenemos el lastre de la p\u00e9sima situaci\u00f3n econ\u00f3mica en nuestra cabeza. <\/span><\/p>\n<p class=\"MsoNormal\" style=\"margin: 0cm 0cm 0pt;\"><span style=\"font-family: arial,helvetica,sans-serif;\">Cogemos el coche y en Cadena SER, COPE y el resto de emisoras nos acompa\u00f1an a trav\u00e9s de los atascos y los negros humos diesel habl\u00e1ndonos del impago de hipotecas, embargos y aumento de la morosidad.<\/span><\/p>\n<p class=\"MsoNormal\" style=\"margin: 0cm 0cm 0pt;\"><span style=\"font-family: arial,helvetica,sans-serif;\">Los que se quedan en casa tienen a Susanna Griso rodeada de unos l\u00edderes de opini\u00f3n, \u00faltimamente muy malcarados, que dan lecciones sobre como salir del atolladero, otros d\u00edas, para variar, charlan de sucesos escalofriantes que se suceden en nuestra pen\u00ednsula. <\/span><\/p>\n<p class=\"MsoNormal\" style=\"margin: 0cm 0cm 0pt;\"><span style=\"font-family: arial,helvetica,sans-serif;\">\u00a0<\/span><span style=\"font-family: arial,helvetica,sans-serif;\">A medio d\u00eda nos hablan de dimisiones de ministros, de corrupci\u00f3n en la oposici\u00f3n y de la orden del d\u00eda en el gobierno, casi siempre presidida por medidas econ\u00f3micas que los medios tildan de poco acertadas antes de que \u00e9stas vean la luz.<\/span><\/p>\n<p class=\"MsoNormal\" style=\"margin: 0cm 0cm 0pt;\"><span style=\"font-family: arial,helvetica,sans-serif;\">Por la tarde, programas de entretenimiento recorren los pueblos de Espa\u00f1a en busca de las medidas dom\u00e9sticas que han puesto en pr\u00e1ctica los lugare\u00f1os para salir de \u201cel desierto\u201d.<\/span><\/p>\n<p class=\"MsoNormal\" style=\"margin: 0cm 0cm 0pt;\"><span style=\"font-family: arial,helvetica,sans-serif;\">\u00a0<\/span><span style=\"font-family: arial,helvetica,sans-serif;\">Tras una dura jornada de trabajo, llegamos a casa y nos reunimos con nuestros seres queridos, nos sentamos a cenar, se nota menos alegr\u00eda en la mesa, estamos apagados, apabullados y saturados por el pesimismo que nos transmiten los medios, ya no encendemos ni el televisor, las series usan humor f\u00e1cil con la crisis, el 80 % de los anuncios de televisi\u00f3n tienen un eje creativo basado en el ahorro. Incluso Coca-Cola, la gran defensora de la felicidad, habla en su \u00faltimo spot del mal momento para venir al mundo. Sencillamente incre\u00edble.<\/span><\/p>\n<p class=\"MsoNormal\" style=\"margin: 0cm 0cm 0pt;\"><span style=\"font-family: arial,helvetica,sans-serif;\">\u00a0<\/span><span style=\"font-family: arial,helvetica,sans-serif;\">Creo que los medios est\u00e1n cometiendo un gran error y creo que son culpables de un alto porcentaje del miedo que reina en el ambiente. Est\u00e1 claro que no es una crisis ficticia, los bancos tienen parte de culpa y que la gente tuvo la mayor parte de culpa al meterse en lagos demasiado profundos\u2026pero los medios son los art\u00edfices de que se retrase la mejor\u00eda. Est\u00e1n tir\u00e1ndose piedras en su propio tejado, creando el clima de inseguridad, cae el consumo, si cae el consumo, se desploman las inversiones en publicidad y si \u00e9sto se agudiza no me extra\u00f1ar\u00eda ver como alguna cadena de televisi\u00f3n es absorbida por alg\u00fan magnate de la comunicaci\u00f3n o, simplemente, desaparece.<\/span><\/p>\n<p class=\"MsoNormal\" style=\"margin: 0cm 0cm 0pt;\"><span style=\"font-family: arial,helvetica,sans-serif;\">\u00a0<\/span><span style=\"font-family: arial,helvetica,sans-serif;\">Deber\u00edan dedicarse a informar con datos objetivos, evitar la pol\u00e9mica y los debates y ahorrarse muchas valoraciones fuera de lugar. Espero que se den cuenta pronto del gran error que est\u00e1n cometiendo, ser\u00e1 mejor para todos.<\/span><\/p>\n<p class=\"MsoNormal\" style=\"margin: 0cm 0cm 0pt;\"><span style=\"font-family: arial,helvetica,sans-serif;\">Diego Celma Herrando\u00a0<\/span><\/p>\n<p class=\"MsoNormal\" style=\"margin: 0cm 0cm 0pt;\"><span style=\"font-family: arial,helvetica,sans-serif;\">Imagen: onetomarket<\/span><\/p>\n","protected":false},"excerpt":{"rendered":"<p>Con el alba comienzan los informativos matinales, estamos ante las primeras informaciones del d\u00eda y cerca del 70% de las noticias est\u00e1n relacionadas con la crisis; que si bancos en quiebra, que si Premios Nobel nos auguran un futuro muy negro, que si ca\u00edda en picado del Ibex, que si m\u00e1ximos hist\u00f3ricos de paro\u2026desde las [&hellip;]<\/p>\n","protected":false},"author":2,"featured_media":0,"comment_status":"open","ping_status":"open","sticky":false,"template":"","format":"standard","meta":{"footnotes":""},"categories":[218],"tags":[],"class_list":["post-48","post","type-post","status-publish","format-standard","hentry","category-medios-de-comunicacion"],"yoast_head":"<!-- This site is optimized with the Yoast SEO plugin v27.4 - https:\/\/yoast.com\/product\/yoast-seo-wordpress\/ -->\n<title>LA INEXPLICABLE ACTITUD DE LOS MEDIOS CON RESPECTO A LA CRISIS - Tritio Publicidad<\/title>\n<meta name=\"robots\" content=\"index, follow, max-snippet:-1, max-image-preview:large, max-video-preview:-1\" \/>\n<link rel=\"canonical\" href=\"https:\/\/www.tritiopublicidad.es\/blog\/laxinexplicablexactitudxdexlosxmediosxconxrespectoxaxlaxcrisis\/\" \/>\n<meta property=\"og:locale\" content=\"es_ES\" \/>\n<meta property=\"og:type\" content=\"article\" \/>\n<meta property=\"og:title\" content=\"LA INEXPLICABLE ACTITUD DE LOS MEDIOS CON RESPECTO A LA CRISIS - Tritio Publicidad\" \/>\n<meta property=\"og:description\" content=\"Con el alba comienzan los informativos matinales, estamos ante las primeras informaciones del d\u00eda y cerca del 70% de las noticias est\u00e1n relacionadas con la crisis; que si bancos en quiebra, que si Premios Nobel nos auguran un futuro muy negro, que si ca\u00edda en picado del Ibex, que si m\u00e1ximos hist\u00f3ricos de paro\u2026desde las [&hellip;]\" \/>\n<meta property=\"og:url\" content=\"https:\/\/www.tritiopublicidad.es\/blog\/laxinexplicablexactitudxdexlosxmediosxconxrespectoxaxlaxcrisis\/\" \/>\n<meta property=\"og:site_name\" content=\"Tritio Publicidad\" \/>\n<meta property=\"article:published_time\" content=\"2009-03-17T23:00:00+00:00\" \/>\n<meta property=\"article:modified_time\" content=\"2016-07-13T10:22:40+00:00\" \/>\n<meta name=\"author\" content=\"Admin 2\" \/>\n<meta name=\"twitter:card\" content=\"summary_large_image\" \/>\n<meta name=\"twitter:label1\" content=\"Escrito por\" \/>\n\t<meta name=\"twitter:data1\" content=\"Admin 2\" \/>\n\t<meta name=\"twitter:label2\" content=\"Tiempo de lectura\" \/>\n\t<meta name=\"twitter:data2\" content=\"3 minutos\" \/>\n<script type=\"application\/ld+json\" class=\"yoast-schema-graph\">{\"@context\":\"https:\\\/\\\/schema.org\",\"@graph\":[{\"@type\":\"Article\",\"@id\":\"https:\\\/\\\/www.tritiopublicidad.es\\\/blog\\\/laxinexplicablexactitudxdexlosxmediosxconxrespectoxaxlaxcrisis\\\/#article\",\"isPartOf\":{\"@id\":\"https:\\\/\\\/www.tritiopublicidad.es\\\/blog\\\/laxinexplicablexactitudxdexlosxmediosxconxrespectoxaxlaxcrisis\\\/\"},\"author\":{\"name\":\"Admin 2\",\"@id\":\"https:\\\/\\\/www.tritiopublicidad.es\\\/blog\\\/#\\\/schema\\\/person\\\/d4a82bb9a7d9c97655a00baff397ca61\"},\"headline\":\"LA INEXPLICABLE ACTITUD DE LOS MEDIOS CON RESPECTO A LA CRISIS\",\"datePublished\":\"2009-03-17T23:00:00+00:00\",\"dateModified\":\"2016-07-13T10:22:40+00:00\",\"mainEntityOfPage\":{\"@id\":\"https:\\\/\\\/www.tritiopublicidad.es\\\/blog\\\/laxinexplicablexactitudxdexlosxmediosxconxrespectoxaxlaxcrisis\\\/\"},\"wordCount\":525,\"commentCount\":1,\"articleSection\":[\"Medios de Comunicaci\u00f3n\"],\"inLanguage\":\"es\",\"potentialAction\":[{\"@type\":\"CommentAction\",\"name\":\"Comment\",\"target\":[\"https:\\\/\\\/www.tritiopublicidad.es\\\/blog\\\/laxinexplicablexactitudxdexlosxmediosxconxrespectoxaxlaxcrisis\\\/#respond\"]}]},{\"@type\":\"WebPage\",\"@id\":\"https:\\\/\\\/www.tritiopublicidad.es\\\/blog\\\/laxinexplicablexactitudxdexlosxmediosxconxrespectoxaxlaxcrisis\\\/\",\"url\":\"https:\\\/\\\/www.tritiopublicidad.es\\\/blog\\\/laxinexplicablexactitudxdexlosxmediosxconxrespectoxaxlaxcrisis\\\/\",\"name\":\"LA INEXPLICABLE ACTITUD DE LOS MEDIOS CON RESPECTO A LA CRISIS - Tritio Publicidad\",\"isPartOf\":{\"@id\":\"https:\\\/\\\/www.tritiopublicidad.es\\\/blog\\\/#website\"},\"datePublished\":\"2009-03-17T23:00:00+00:00\",\"dateModified\":\"2016-07-13T10:22:40+00:00\",\"author\":{\"@id\":\"https:\\\/\\\/www.tritiopublicidad.es\\\/blog\\\/#\\\/schema\\\/person\\\/d4a82bb9a7d9c97655a00baff397ca61\"},\"breadcrumb\":{\"@id\":\"https:\\\/\\\/www.tritiopublicidad.es\\\/blog\\\/laxinexplicablexactitudxdexlosxmediosxconxrespectoxaxlaxcrisis\\\/#breadcrumb\"},\"inLanguage\":\"es\",\"potentialAction\":[{\"@type\":\"ReadAction\",\"target\":[\"https:\\\/\\\/www.tritiopublicidad.es\\\/blog\\\/laxinexplicablexactitudxdexlosxmediosxconxrespectoxaxlaxcrisis\\\/\"]}]},{\"@type\":\"BreadcrumbList\",\"@id\":\"https:\\\/\\\/www.tritiopublicidad.es\\\/blog\\\/laxinexplicablexactitudxdexlosxmediosxconxrespectoxaxlaxcrisis\\\/#breadcrumb\",\"itemListElement\":[{\"@type\":\"ListItem\",\"position\":1,\"name\":\"Portada\",\"item\":\"https:\\\/\\\/www.tritiopublicidad.es\\\/blog\\\/\"},{\"@type\":\"ListItem\",\"position\":2,\"name\":\"LA INEXPLICABLE ACTITUD DE LOS MEDIOS CON RESPECTO A LA CRISIS\"}]},{\"@type\":\"WebSite\",\"@id\":\"https:\\\/\\\/www.tritiopublicidad.es\\\/blog\\\/#website\",\"url\":\"https:\\\/\\\/www.tritiopublicidad.es\\\/blog\\\/\",\"name\":\"Tritio Publicidad\",\"description\":\"Campa&ntilde;as, marketing y logotipos\",\"potentialAction\":[{\"@type\":\"SearchAction\",\"target\":{\"@type\":\"EntryPoint\",\"urlTemplate\":\"https:\\\/\\\/www.tritiopublicidad.es\\\/blog\\\/?s={search_term_string}\"},\"query-input\":{\"@type\":\"PropertyValueSpecification\",\"valueRequired\":true,\"valueName\":\"search_term_string\"}}],\"inLanguage\":\"es\"},{\"@type\":\"Person\",\"@id\":\"https:\\\/\\\/www.tritiopublicidad.es\\\/blog\\\/#\\\/schema\\\/person\\\/d4a82bb9a7d9c97655a00baff397ca61\",\"name\":\"Admin 2\",\"image\":{\"@type\":\"ImageObject\",\"inLanguage\":\"es\",\"@id\":\"https:\\\/\\\/secure.gravatar.com\\\/avatar\\\/e36769033535f8ae2f95741cb281544c80c7e48721b032724ab85260265a1f02?s=96&d=mm&r=g\",\"url\":\"https:\\\/\\\/secure.gravatar.com\\\/avatar\\\/e36769033535f8ae2f95741cb281544c80c7e48721b032724ab85260265a1f02?s=96&d=mm&r=g\",\"contentUrl\":\"https:\\\/\\\/secure.gravatar.com\\\/avatar\\\/e36769033535f8ae2f95741cb281544c80c7e48721b032724ab85260265a1f02?s=96&d=mm&r=g\",\"caption\":\"Admin 2\"},\"url\":\"https:\\\/\\\/www.tritiopublicidad.es\\\/blog\\\/author\\\/diego\\\/\"}]}<\/script>\n<!-- \/ Yoast SEO plugin. -->","yoast_head_json":{"title":"LA INEXPLICABLE ACTITUD DE LOS MEDIOS CON RESPECTO A LA CRISIS - Tritio Publicidad","robots":{"index":"index","follow":"follow","max-snippet":"max-snippet:-1","max-image-preview":"max-image-preview:large","max-video-preview":"max-video-preview:-1"},"canonical":"https:\/\/www.tritiopublicidad.es\/blog\/laxinexplicablexactitudxdexlosxmediosxconxrespectoxaxlaxcrisis\/","og_locale":"es_ES","og_type":"article","og_title":"LA INEXPLICABLE ACTITUD DE LOS MEDIOS CON RESPECTO A LA CRISIS - Tritio Publicidad","og_description":"Con el alba comienzan los informativos matinales, estamos ante las primeras informaciones del d\u00eda y cerca del 70% de las noticias est\u00e1n relacionadas con la crisis; que si bancos en quiebra, que si Premios Nobel nos auguran un futuro muy negro, que si ca\u00edda en picado del Ibex, que si m\u00e1ximos hist\u00f3ricos de paro\u2026desde las [&hellip;]","og_url":"https:\/\/www.tritiopublicidad.es\/blog\/laxinexplicablexactitudxdexlosxmediosxconxrespectoxaxlaxcrisis\/","og_site_name":"Tritio Publicidad","article_published_time":"2009-03-17T23:00:00+00:00","article_modified_time":"2016-07-13T10:22:40+00:00","author":"Admin 2","twitter_card":"summary_large_image","twitter_misc":{"Escrito por":"Admin 2","Tiempo de lectura":"3 minutos"},"schema":{"@context":"https:\/\/schema.org","@graph":[{"@type":"Article","@id":"https:\/\/www.tritiopublicidad.es\/blog\/laxinexplicablexactitudxdexlosxmediosxconxrespectoxaxlaxcrisis\/#article","isPartOf":{"@id":"https:\/\/www.tritiopublicidad.es\/blog\/laxinexplicablexactitudxdexlosxmediosxconxrespectoxaxlaxcrisis\/"},"author":{"name":"Admin 2","@id":"https:\/\/www.tritiopublicidad.es\/blog\/#\/schema\/person\/d4a82bb9a7d9c97655a00baff397ca61"},"headline":"LA INEXPLICABLE ACTITUD DE LOS MEDIOS CON RESPECTO A LA CRISIS","datePublished":"2009-03-17T23:00:00+00:00","dateModified":"2016-07-13T10:22:40+00:00","mainEntityOfPage":{"@id":"https:\/\/www.tritiopublicidad.es\/blog\/laxinexplicablexactitudxdexlosxmediosxconxrespectoxaxlaxcrisis\/"},"wordCount":525,"commentCount":1,"articleSection":["Medios de Comunicaci\u00f3n"],"inLanguage":"es","potentialAction":[{"@type":"CommentAction","name":"Comment","target":["https:\/\/www.tritiopublicidad.es\/blog\/laxinexplicablexactitudxdexlosxmediosxconxrespectoxaxlaxcrisis\/#respond"]}]},{"@type":"WebPage","@id":"https:\/\/www.tritiopublicidad.es\/blog\/laxinexplicablexactitudxdexlosxmediosxconxrespectoxaxlaxcrisis\/","url":"https:\/\/www.tritiopublicidad.es\/blog\/laxinexplicablexactitudxdexlosxmediosxconxrespectoxaxlaxcrisis\/","name":"LA INEXPLICABLE ACTITUD DE LOS MEDIOS CON RESPECTO A LA CRISIS - Tritio Publicidad","isPartOf":{"@id":"https:\/\/www.tritiopublicidad.es\/blog\/#website"},"datePublished":"2009-03-17T23:00:00+00:00","dateModified":"2016-07-13T10:22:40+00:00","author":{"@id":"https:\/\/www.tritiopublicidad.es\/blog\/#\/schema\/person\/d4a82bb9a7d9c97655a00baff397ca61"},"breadcrumb":{"@id":"https:\/\/www.tritiopublicidad.es\/blog\/laxinexplicablexactitudxdexlosxmediosxconxrespectoxaxlaxcrisis\/#breadcrumb"},"inLanguage":"es","potentialAction":[{"@type":"ReadAction","target":["https:\/\/www.tritiopublicidad.es\/blog\/laxinexplicablexactitudxdexlosxmediosxconxrespectoxaxlaxcrisis\/"]}]},{"@type":"BreadcrumbList","@id":"https:\/\/www.tritiopublicidad.es\/blog\/laxinexplicablexactitudxdexlosxmediosxconxrespectoxaxlaxcrisis\/#breadcrumb","itemListElement":[{"@type":"ListItem","position":1,"name":"Portada","item":"https:\/\/www.tritiopublicidad.es\/blog\/"},{"@type":"ListItem","position":2,"name":"LA INEXPLICABLE ACTITUD DE LOS MEDIOS CON RESPECTO A LA CRISIS"}]},{"@type":"WebSite","@id":"https:\/\/www.tritiopublicidad.es\/blog\/#website","url":"https:\/\/www.tritiopublicidad.es\/blog\/","name":"Tritio Publicidad","description":"Campa&ntilde;as, marketing y logotipos","potentialAction":[{"@type":"SearchAction","target":{"@type":"EntryPoint","urlTemplate":"https:\/\/www.tritiopublicidad.es\/blog\/?s={search_term_string}"},"query-input":{"@type":"PropertyValueSpecification","valueRequired":true,"valueName":"search_term_string"}}],"inLanguage":"es"},{"@type":"Person","@id":"https:\/\/www.tritiopublicidad.es\/blog\/#\/schema\/person\/d4a82bb9a7d9c97655a00baff397ca61","name":"Admin 2","image":{"@type":"ImageObject","inLanguage":"es","@id":"https:\/\/secure.gravatar.com\/avatar\/e36769033535f8ae2f95741cb281544c80c7e48721b032724ab85260265a1f02?s=96&d=mm&r=g","url":"https:\/\/secure.gravatar.com\/avatar\/e36769033535f8ae2f95741cb281544c80c7e48721b032724ab85260265a1f02?s=96&d=mm&r=g","contentUrl":"https:\/\/secure.gravatar.com\/avatar\/e36769033535f8ae2f95741cb281544c80c7e48721b032724ab85260265a1f02?s=96&d=mm&r=g","caption":"Admin 2"},"url":"https:\/\/www.tritiopublicidad.es\/blog\/author\/diego\/"}]}},"_links":{"self":[{"href":"https:\/\/www.tritiopublicidad.es\/blog\/wp-json\/wp\/v2\/posts\/48","targetHints":{"allow":["GET"]}}],"collection":[{"href":"https:\/\/www.tritiopublicidad.es\/blog\/wp-json\/wp\/v2\/posts"}],"about":[{"href":"https:\/\/www.tritiopublicidad.es\/blog\/wp-json\/wp\/v2\/types\/post"}],"author":[{"embeddable":true,"href":"https:\/\/www.tritiopublicidad.es\/blog\/wp-json\/wp\/v2\/users\/2"}],"replies":[{"embeddable":true,"href":"https:\/\/www.tritiopublicidad.es\/blog\/wp-json\/wp\/v2\/comments?post=48"}],"version-history":[{"count":1,"href":"https:\/\/www.tritiopublicidad.es\/blog\/wp-json\/wp\/v2\/posts\/48\/revisions"}],"predecessor-version":[{"id":3565,"href":"https:\/\/www.tritiopublicidad.es\/blog\/wp-json\/wp\/v2\/posts\/48\/revisions\/3565"}],"wp:attachment":[{"href":"https:\/\/www.tritiopublicidad.es\/blog\/wp-json\/wp\/v2\/media?parent=48"}],"wp:term":[{"taxonomy":"category","embeddable":true,"href":"https:\/\/www.tritiopublicidad.es\/blog\/wp-json\/wp\/v2\/categories?post=48"},{"taxonomy":"post_tag","embeddable":true,"href":"https:\/\/www.tritiopublicidad.es\/blog\/wp-json\/wp\/v2\/tags?post=48"}],"curies":[{"name":"wp","href":"https:\/\/api.w.org\/{rel}","templated":true}]}}