{"id":482,"date":"2010-05-07T00:31:36","date_gmt":"2010-05-06T22:31:36","guid":{"rendered":"https:\/\/www.tritiopublicidad.es\/blog\/?p=482"},"modified":"2016-07-13T12:21:59","modified_gmt":"2016-07-13T10:21:59","slug":"h-m-adelanta-el-verano","status":"publish","type":"post","link":"https:\/\/www.tritiopublicidad.es\/blog\/h-m-adelanta-el-verano\/","title":{"rendered":"H&#038;M ADELANTA EL VERANO"},"content":{"rendered":"<p><a href=\"https:\/\/www.tritiopublicidad.es\/blog\/wp-content\/uploads\/2010\/05\/HyM.jpg\"><img decoding=\"async\" class=\"aligncenter size-medium wp-image-484\" title=\"HyM\" src=\"https:\/\/www.tritiopublicidad.es\/blog\/wp-content\/uploads\/2010\/05\/HyM-300x129.jpg\" alt=\"\" width=\"300\" height=\"129\" srcset=\"https:\/\/www.tritiopublicidad.es\/blog\/wp-content\/uploads\/2010\/05\/HyM-300x129.jpg 300w, https:\/\/www.tritiopublicidad.es\/blog\/wp-content\/uploads\/2010\/05\/HyM.jpg 464w\" sizes=\"(max-width: 300px) 100vw, 300px\" \/><\/a><\/p>\n<p>El d\u00eda se alarga, especialmente si persigues al sol con un viaje hac\u00eda el oeste a \u00faltimas horas de la tarde. Igual es s\u00f3lo una sugesti\u00f3n pero, en cualquier caso, con este invierno gris y lluvioso, y m\u00e1s si cabe, por la inestable situaci\u00f3n pol\u00edtico-econ\u00f3mica, todo el mundo est\u00e1 deseando la llegada del verano, el momento perfecto para desconectar en la piscina o de vacaciones, aunque sea al litoral m\u00e1s cercano.<\/p>\n<p>El Corte Ingl\u00e9s lleva muchos a\u00f1os marcando el tempo de las estaciones y ese derecho se lo ha ganado por ser, durante lustros, la primera el publicitar la ropa de la nueva temporada. Sin embargo, este verano se le ha adelantado H &amp; M sin discusi\u00f3n, inundando la ciudad cuadriculada (BCN) con cientos de carteles picantes que est\u00e1n acalorando al personal en el metro, en las marquesinas y en las aceras.<\/p>\n<p>La campa\u00f1a est\u00e1 protagonizada por unas angelicales f\u00e9minas de tierna mirada que visten con unos bikinis, preciosos imagino, pareos y otros complementos t\u00edpicos de la playa como las gafas de sol. Pronto la tacharan de sexista, como hacen con toda la publicidad que muestra excesiva carne sin una finalidad justificada. Yo tambi\u00e9n creo que la campa\u00f1a de bikinis no necesita tanta preciosidad por metro cuadrado.<\/p>\n<p>Diego Celma Herrando<\/p>\n<p>Imagen: tendenciaz<\/p>\n","protected":false},"excerpt":{"rendered":"<p>El d\u00eda se alarga, especialmente si persigues al sol con un viaje hac\u00eda el oeste a \u00faltimas horas de la tarde. Igual es s\u00f3lo una sugesti\u00f3n pero, en cualquier caso, con este invierno gris y lluvioso, y m\u00e1s si cabe, por la inestable situaci\u00f3n pol\u00edtico-econ\u00f3mica, todo el mundo est\u00e1 deseando la llegada del verano, el [&hellip;]<\/p>\n","protected":false},"author":2,"featured_media":0,"comment_status":"open","ping_status":"open","sticky":false,"template":"","format":"standard","meta":{"footnotes":""},"categories":[395],"tags":[485,838,836,835,832,834,837,839,833],"class_list":["post-482","post","type-post","status-publish","format-standard","hentry","category-publicidad-y-spot-de-tv","tag-barcelona","tag-bcn","tag-bikini","tag-campana","tag-hm","tag-invierno","tag-metro","tag-tmb","tag-verano"],"yoast_head":"<!-- This site is optimized with the Yoast SEO plugin v27.4 - https:\/\/yoast.com\/product\/yoast-seo-wordpress\/ -->\n<title>H&amp;M ADELANTA EL VERANO - Tritio Publicidad<\/title>\n<meta name=\"robots\" content=\"index, follow, max-snippet:-1, max-image-preview:large, max-video-preview:-1\" \/>\n<link rel=\"canonical\" href=\"https:\/\/www.tritiopublicidad.es\/blog\/h-m-adelanta-el-verano\/\" \/>\n<meta property=\"og:locale\" content=\"es_ES\" \/>\n<meta property=\"og:type\" content=\"article\" \/>\n<meta property=\"og:title\" content=\"H&amp;M ADELANTA EL VERANO - Tritio Publicidad\" \/>\n<meta property=\"og:description\" content=\"El d\u00eda se alarga, especialmente si persigues al sol con un viaje hac\u00eda el oeste a \u00faltimas horas de la tarde. Igual es s\u00f3lo una sugesti\u00f3n pero, en cualquier caso, con este invierno gris y lluvioso, y m\u00e1s si cabe, por la inestable situaci\u00f3n pol\u00edtico-econ\u00f3mica, todo el mundo est\u00e1 deseando la llegada del verano, el [&hellip;]\" \/>\n<meta property=\"og:url\" content=\"https:\/\/www.tritiopublicidad.es\/blog\/h-m-adelanta-el-verano\/\" \/>\n<meta property=\"og:site_name\" content=\"Tritio Publicidad\" \/>\n<meta property=\"article:published_time\" content=\"2010-05-06T22:31:36+00:00\" \/>\n<meta property=\"article:modified_time\" content=\"2016-07-13T10:21:59+00:00\" \/>\n<meta property=\"og:image\" content=\"https:\/\/www.tritiopublicidad.es\/blog\/wp-content\/uploads\/2010\/05\/HyM-300x129.jpg\" \/>\n<meta name=\"author\" content=\"Admin 2\" \/>\n<meta name=\"twitter:card\" content=\"summary_large_image\" \/>\n<meta name=\"twitter:label1\" content=\"Escrito por\" \/>\n\t<meta name=\"twitter:data1\" content=\"Admin 2\" \/>\n\t<meta name=\"twitter:label2\" content=\"Tiempo de lectura\" \/>\n\t<meta name=\"twitter:data2\" content=\"1 minuto\" \/>\n<script type=\"application\/ld+json\" class=\"yoast-schema-graph\">{\"@context\":\"https:\\\/\\\/schema.org\",\"@graph\":[{\"@type\":\"Article\",\"@id\":\"https:\\\/\\\/www.tritiopublicidad.es\\\/blog\\\/h-m-adelanta-el-verano\\\/#article\",\"isPartOf\":{\"@id\":\"https:\\\/\\\/www.tritiopublicidad.es\\\/blog\\\/h-m-adelanta-el-verano\\\/\"},\"author\":{\"name\":\"Admin 2\",\"@id\":\"https:\\\/\\\/www.tritiopublicidad.es\\\/blog\\\/#\\\/schema\\\/person\\\/d4a82bb9a7d9c97655a00baff397ca61\"},\"headline\":\"H&#038;M ADELANTA EL VERANO\",\"datePublished\":\"2010-05-06T22:31:36+00:00\",\"dateModified\":\"2016-07-13T10:21:59+00:00\",\"mainEntityOfPage\":{\"@id\":\"https:\\\/\\\/www.tritiopublicidad.es\\\/blog\\\/h-m-adelanta-el-verano\\\/\"},\"wordCount\":235,\"commentCount\":0,\"image\":{\"@id\":\"https:\\\/\\\/www.tritiopublicidad.es\\\/blog\\\/h-m-adelanta-el-verano\\\/#primaryimage\"},\"thumbnailUrl\":\"https:\\\/\\\/www.tritiopublicidad.es\\\/blog\\\/wp-content\\\/uploads\\\/2010\\\/05\\\/HyM-300x129.jpg\",\"keywords\":[\"BARCELONA\",\"BCN\",\"BIKINI\",\"CAMPA\u00d1A\",\"H&amp;M\",\"INVIERNO\",\"METRO\",\"TMB\",\"VERANO\"],\"articleSection\":[\"Publicidad y Spot de TV\"],\"inLanguage\":\"es\",\"potentialAction\":[{\"@type\":\"CommentAction\",\"name\":\"Comment\",\"target\":[\"https:\\\/\\\/www.tritiopublicidad.es\\\/blog\\\/h-m-adelanta-el-verano\\\/#respond\"]}]},{\"@type\":\"WebPage\",\"@id\":\"https:\\\/\\\/www.tritiopublicidad.es\\\/blog\\\/h-m-adelanta-el-verano\\\/\",\"url\":\"https:\\\/\\\/www.tritiopublicidad.es\\\/blog\\\/h-m-adelanta-el-verano\\\/\",\"name\":\"H&M ADELANTA EL VERANO - Tritio Publicidad\",\"isPartOf\":{\"@id\":\"https:\\\/\\\/www.tritiopublicidad.es\\\/blog\\\/#website\"},\"primaryImageOfPage\":{\"@id\":\"https:\\\/\\\/www.tritiopublicidad.es\\\/blog\\\/h-m-adelanta-el-verano\\\/#primaryimage\"},\"image\":{\"@id\":\"https:\\\/\\\/www.tritiopublicidad.es\\\/blog\\\/h-m-adelanta-el-verano\\\/#primaryimage\"},\"thumbnailUrl\":\"https:\\\/\\\/www.tritiopublicidad.es\\\/blog\\\/wp-content\\\/uploads\\\/2010\\\/05\\\/HyM-300x129.jpg\",\"datePublished\":\"2010-05-06T22:31:36+00:00\",\"dateModified\":\"2016-07-13T10:21:59+00:00\",\"author\":{\"@id\":\"https:\\\/\\\/www.tritiopublicidad.es\\\/blog\\\/#\\\/schema\\\/person\\\/d4a82bb9a7d9c97655a00baff397ca61\"},\"breadcrumb\":{\"@id\":\"https:\\\/\\\/www.tritiopublicidad.es\\\/blog\\\/h-m-adelanta-el-verano\\\/#breadcrumb\"},\"inLanguage\":\"es\",\"potentialAction\":[{\"@type\":\"ReadAction\",\"target\":[\"https:\\\/\\\/www.tritiopublicidad.es\\\/blog\\\/h-m-adelanta-el-verano\\\/\"]}]},{\"@type\":\"ImageObject\",\"inLanguage\":\"es\",\"@id\":\"https:\\\/\\\/www.tritiopublicidad.es\\\/blog\\\/h-m-adelanta-el-verano\\\/#primaryimage\",\"url\":\"https:\\\/\\\/www.tritiopublicidad.es\\\/blog\\\/wp-content\\\/uploads\\\/2010\\\/05\\\/HyM.jpg\",\"contentUrl\":\"https:\\\/\\\/www.tritiopublicidad.es\\\/blog\\\/wp-content\\\/uploads\\\/2010\\\/05\\\/HyM.jpg\",\"width\":\"464\",\"height\":\"200\"},{\"@type\":\"BreadcrumbList\",\"@id\":\"https:\\\/\\\/www.tritiopublicidad.es\\\/blog\\\/h-m-adelanta-el-verano\\\/#breadcrumb\",\"itemListElement\":[{\"@type\":\"ListItem\",\"position\":1,\"name\":\"Portada\",\"item\":\"https:\\\/\\\/www.tritiopublicidad.es\\\/blog\\\/\"},{\"@type\":\"ListItem\",\"position\":2,\"name\":\"H&#038;M ADELANTA EL VERANO\"}]},{\"@type\":\"WebSite\",\"@id\":\"https:\\\/\\\/www.tritiopublicidad.es\\\/blog\\\/#website\",\"url\":\"https:\\\/\\\/www.tritiopublicidad.es\\\/blog\\\/\",\"name\":\"Tritio Publicidad\",\"description\":\"Campa&ntilde;as, marketing y logotipos\",\"potentialAction\":[{\"@type\":\"SearchAction\",\"target\":{\"@type\":\"EntryPoint\",\"urlTemplate\":\"https:\\\/\\\/www.tritiopublicidad.es\\\/blog\\\/?s={search_term_string}\"},\"query-input\":{\"@type\":\"PropertyValueSpecification\",\"valueRequired\":true,\"valueName\":\"search_term_string\"}}],\"inLanguage\":\"es\"},{\"@type\":\"Person\",\"@id\":\"https:\\\/\\\/www.tritiopublicidad.es\\\/blog\\\/#\\\/schema\\\/person\\\/d4a82bb9a7d9c97655a00baff397ca61\",\"name\":\"Admin 2\",\"image\":{\"@type\":\"ImageObject\",\"inLanguage\":\"es\",\"@id\":\"https:\\\/\\\/secure.gravatar.com\\\/avatar\\\/e36769033535f8ae2f95741cb281544c80c7e48721b032724ab85260265a1f02?s=96&d=mm&r=g\",\"url\":\"https:\\\/\\\/secure.gravatar.com\\\/avatar\\\/e36769033535f8ae2f95741cb281544c80c7e48721b032724ab85260265a1f02?s=96&d=mm&r=g\",\"contentUrl\":\"https:\\\/\\\/secure.gravatar.com\\\/avatar\\\/e36769033535f8ae2f95741cb281544c80c7e48721b032724ab85260265a1f02?s=96&d=mm&r=g\",\"caption\":\"Admin 2\"},\"url\":\"https:\\\/\\\/www.tritiopublicidad.es\\\/blog\\\/author\\\/diego\\\/\"}]}<\/script>\n<!-- \/ Yoast SEO plugin. -->","yoast_head_json":{"title":"H&M ADELANTA EL VERANO - Tritio Publicidad","robots":{"index":"index","follow":"follow","max-snippet":"max-snippet:-1","max-image-preview":"max-image-preview:large","max-video-preview":"max-video-preview:-1"},"canonical":"https:\/\/www.tritiopublicidad.es\/blog\/h-m-adelanta-el-verano\/","og_locale":"es_ES","og_type":"article","og_title":"H&M ADELANTA EL VERANO - Tritio Publicidad","og_description":"El d\u00eda se alarga, especialmente si persigues al sol con un viaje hac\u00eda el oeste a \u00faltimas horas de la tarde. Igual es s\u00f3lo una sugesti\u00f3n pero, en cualquier caso, con este invierno gris y lluvioso, y m\u00e1s si cabe, por la inestable situaci\u00f3n pol\u00edtico-econ\u00f3mica, todo el mundo est\u00e1 deseando la llegada del verano, el [&hellip;]","og_url":"https:\/\/www.tritiopublicidad.es\/blog\/h-m-adelanta-el-verano\/","og_site_name":"Tritio Publicidad","article_published_time":"2010-05-06T22:31:36+00:00","article_modified_time":"2016-07-13T10:21:59+00:00","og_image":[{"url":"https:\/\/www.tritiopublicidad.es\/blog\/wp-content\/uploads\/2010\/05\/HyM-300x129.jpg","type":"","width":"","height":""}],"author":"Admin 2","twitter_card":"summary_large_image","twitter_misc":{"Escrito por":"Admin 2","Tiempo de lectura":"1 minuto"},"schema":{"@context":"https:\/\/schema.org","@graph":[{"@type":"Article","@id":"https:\/\/www.tritiopublicidad.es\/blog\/h-m-adelanta-el-verano\/#article","isPartOf":{"@id":"https:\/\/www.tritiopublicidad.es\/blog\/h-m-adelanta-el-verano\/"},"author":{"name":"Admin 2","@id":"https:\/\/www.tritiopublicidad.es\/blog\/#\/schema\/person\/d4a82bb9a7d9c97655a00baff397ca61"},"headline":"H&#038;M ADELANTA EL VERANO","datePublished":"2010-05-06T22:31:36+00:00","dateModified":"2016-07-13T10:21:59+00:00","mainEntityOfPage":{"@id":"https:\/\/www.tritiopublicidad.es\/blog\/h-m-adelanta-el-verano\/"},"wordCount":235,"commentCount":0,"image":{"@id":"https:\/\/www.tritiopublicidad.es\/blog\/h-m-adelanta-el-verano\/#primaryimage"},"thumbnailUrl":"https:\/\/www.tritiopublicidad.es\/blog\/wp-content\/uploads\/2010\/05\/HyM-300x129.jpg","keywords":["BARCELONA","BCN","BIKINI","CAMPA\u00d1A","H&amp;M","INVIERNO","METRO","TMB","VERANO"],"articleSection":["Publicidad y Spot de TV"],"inLanguage":"es","potentialAction":[{"@type":"CommentAction","name":"Comment","target":["https:\/\/www.tritiopublicidad.es\/blog\/h-m-adelanta-el-verano\/#respond"]}]},{"@type":"WebPage","@id":"https:\/\/www.tritiopublicidad.es\/blog\/h-m-adelanta-el-verano\/","url":"https:\/\/www.tritiopublicidad.es\/blog\/h-m-adelanta-el-verano\/","name":"H&M ADELANTA EL VERANO - Tritio Publicidad","isPartOf":{"@id":"https:\/\/www.tritiopublicidad.es\/blog\/#website"},"primaryImageOfPage":{"@id":"https:\/\/www.tritiopublicidad.es\/blog\/h-m-adelanta-el-verano\/#primaryimage"},"image":{"@id":"https:\/\/www.tritiopublicidad.es\/blog\/h-m-adelanta-el-verano\/#primaryimage"},"thumbnailUrl":"https:\/\/www.tritiopublicidad.es\/blog\/wp-content\/uploads\/2010\/05\/HyM-300x129.jpg","datePublished":"2010-05-06T22:31:36+00:00","dateModified":"2016-07-13T10:21:59+00:00","author":{"@id":"https:\/\/www.tritiopublicidad.es\/blog\/#\/schema\/person\/d4a82bb9a7d9c97655a00baff397ca61"},"breadcrumb":{"@id":"https:\/\/www.tritiopublicidad.es\/blog\/h-m-adelanta-el-verano\/#breadcrumb"},"inLanguage":"es","potentialAction":[{"@type":"ReadAction","target":["https:\/\/www.tritiopublicidad.es\/blog\/h-m-adelanta-el-verano\/"]}]},{"@type":"ImageObject","inLanguage":"es","@id":"https:\/\/www.tritiopublicidad.es\/blog\/h-m-adelanta-el-verano\/#primaryimage","url":"https:\/\/www.tritiopublicidad.es\/blog\/wp-content\/uploads\/2010\/05\/HyM.jpg","contentUrl":"https:\/\/www.tritiopublicidad.es\/blog\/wp-content\/uploads\/2010\/05\/HyM.jpg","width":"464","height":"200"},{"@type":"BreadcrumbList","@id":"https:\/\/www.tritiopublicidad.es\/blog\/h-m-adelanta-el-verano\/#breadcrumb","itemListElement":[{"@type":"ListItem","position":1,"name":"Portada","item":"https:\/\/www.tritiopublicidad.es\/blog\/"},{"@type":"ListItem","position":2,"name":"H&#038;M ADELANTA EL VERANO"}]},{"@type":"WebSite","@id":"https:\/\/www.tritiopublicidad.es\/blog\/#website","url":"https:\/\/www.tritiopublicidad.es\/blog\/","name":"Tritio Publicidad","description":"Campa&ntilde;as, marketing y logotipos","potentialAction":[{"@type":"SearchAction","target":{"@type":"EntryPoint","urlTemplate":"https:\/\/www.tritiopublicidad.es\/blog\/?s={search_term_string}"},"query-input":{"@type":"PropertyValueSpecification","valueRequired":true,"valueName":"search_term_string"}}],"inLanguage":"es"},{"@type":"Person","@id":"https:\/\/www.tritiopublicidad.es\/blog\/#\/schema\/person\/d4a82bb9a7d9c97655a00baff397ca61","name":"Admin 2","image":{"@type":"ImageObject","inLanguage":"es","@id":"https:\/\/secure.gravatar.com\/avatar\/e36769033535f8ae2f95741cb281544c80c7e48721b032724ab85260265a1f02?s=96&d=mm&r=g","url":"https:\/\/secure.gravatar.com\/avatar\/e36769033535f8ae2f95741cb281544c80c7e48721b032724ab85260265a1f02?s=96&d=mm&r=g","contentUrl":"https:\/\/secure.gravatar.com\/avatar\/e36769033535f8ae2f95741cb281544c80c7e48721b032724ab85260265a1f02?s=96&d=mm&r=g","caption":"Admin 2"},"url":"https:\/\/www.tritiopublicidad.es\/blog\/author\/diego\/"}]}},"_links":{"self":[{"href":"https:\/\/www.tritiopublicidad.es\/blog\/wp-json\/wp\/v2\/posts\/482","targetHints":{"allow":["GET"]}}],"collection":[{"href":"https:\/\/www.tritiopublicidad.es\/blog\/wp-json\/wp\/v2\/posts"}],"about":[{"href":"https:\/\/www.tritiopublicidad.es\/blog\/wp-json\/wp\/v2\/types\/post"}],"author":[{"embeddable":true,"href":"https:\/\/www.tritiopublicidad.es\/blog\/wp-json\/wp\/v2\/users\/2"}],"replies":[{"embeddable":true,"href":"https:\/\/www.tritiopublicidad.es\/blog\/wp-json\/wp\/v2\/comments?post=482"}],"version-history":[{"count":2,"href":"https:\/\/www.tritiopublicidad.es\/blog\/wp-json\/wp\/v2\/posts\/482\/revisions"}],"predecessor-version":[{"id":3662,"href":"https:\/\/www.tritiopublicidad.es\/blog\/wp-json\/wp\/v2\/posts\/482\/revisions\/3662"}],"wp:attachment":[{"href":"https:\/\/www.tritiopublicidad.es\/blog\/wp-json\/wp\/v2\/media?parent=482"}],"wp:term":[{"taxonomy":"category","embeddable":true,"href":"https:\/\/www.tritiopublicidad.es\/blog\/wp-json\/wp\/v2\/categories?post=482"},{"taxonomy":"post_tag","embeddable":true,"href":"https:\/\/www.tritiopublicidad.es\/blog\/wp-json\/wp\/v2\/tags?post=482"}],"curies":[{"name":"wp","href":"https:\/\/api.w.org\/{rel}","templated":true}]}}