{"id":508,"date":"2010-05-22T23:59:10","date_gmt":"2010-05-22T21:59:10","guid":{"rendered":"https:\/\/www.tritiopublicidad.es\/blog\/?p=508"},"modified":"2016-07-13T12:21:59","modified_gmt":"2016-07-13T10:21:59","slug":"el-tunel-de-la-discordia","status":"publish","type":"post","link":"https:\/\/www.tritiopublicidad.es\/blog\/el-tunel-de-la-discordia\/","title":{"rendered":"EL T\u00daNEL DE LA DISCORDIA"},"content":{"rendered":"<p><a href=\"https:\/\/www.tritiopublicidad.es\/blog\/wp-content\/uploads\/2010\/05\/msb134900800011a.jpg\"><img fetchpriority=\"high\" decoding=\"async\" class=\"alignleft size-full wp-image-509\" title=\"msb134900800011a\" src=\"https:\/\/www.tritiopublicidad.es\/blog\/wp-content\/uploads\/2010\/05\/msb134900800011a.jpg\" alt=\"\" width=\"265\" height=\"265\" srcset=\"https:\/\/www.tritiopublicidad.es\/blog\/wp-content\/uploads\/2010\/05\/msb134900800011a.jpg 265w, https:\/\/www.tritiopublicidad.es\/blog\/wp-content\/uploads\/2010\/05\/msb134900800011a-150x150.jpg 150w\" sizes=\"(max-width: 265px) 100vw, 265px\" \/><\/a>El p\u00f3rfido tendr\u00e1 una gran responsabilidad en los pr\u00f3ximos a\u00f1os, por el lado superior deber\u00e1 sostener una mole de piedra y dise\u00f1o que alcanzar\u00e1 173 metros de altura, por el lado inferior sufrir\u00e1 unas caprichosas vibraciones que pondr\u00e1n en jaque su centenaria estabilidad. La Sagrada Familia est\u00e1 en la voz de mucha gente, personas que no terminamos de comprender por qu\u00e9 el t\u00fanel del Ave tiene que excavarse a escasos metros del templo expiatorio. Dicen que supone un aumento considerable del presupuesto de la obra y que por el litoral no es viable por la multitud de filtraciones. En el eurot\u00fanel no hab\u00eda filtraciones \u00bfsab\u00e9is?<\/p>\n<p>Este tema lo saco a colaci\u00f3n porque no s\u00f3lo se pone en juego una de las maravillas del mundo moderno arquitect\u00f3nico sino tambi\u00e9n la imagen de toda una ciudad. Una urbe que es mundialmente conocida por las Batllo, Mila, Vicens, Guell y compa\u00f1\u00eda. Ese genial modernismo que la convirti\u00f3 en una metr\u00f3polis cultural.<\/p>\n<p>Las postales, los libros y las im\u00e1genes de Barcelona que poblan el Flickr tienen en muchas ocasiones motivos de Gaud\u00ed. Un c\u00e9lebre que, junto a Dal\u00ed, Calatrava y Alberti, es uno de los \u00faltimos grandes artistas que han nacido en Espa\u00f1a. Su obra cumbre, todav\u00eda inacabada, est\u00e1 en peligro.<\/p>\n<p>No se caer\u00e1, y si todo va bien, se terminar\u00e1 antes del 2030. La veremos inaugurar entre cantos y vitores, un coro a rebosar, grandes personalidades, castellets y una fant\u00e1stica estampa de fuegos artificiales. Espero llegar a ese gran d\u00eda y que no una tuneladora lo eche todo a perder por un pu\u00f1ado de millones, especialmente cuando uno se entera de que la infructuosa y contraproducente votaci\u00f3n por la Diagonal ha costado 700.000 euros.<\/p>\n<p>Diego Celma Herrando<\/p>\n<p>Imagen: tiendabrildor<\/p>\n","protected":false},"excerpt":{"rendered":"<p>El p\u00f3rfido tendr\u00e1 una gran responsabilidad en los pr\u00f3ximos a\u00f1os, por el lado superior deber\u00e1 sostener una mole de piedra y dise\u00f1o que alcanzar\u00e1 173 metros de altura, por el lado inferior sufrir\u00e1 unas caprichosas vibraciones que pondr\u00e1n en jaque su centenaria estabilidad. La Sagrada Familia est\u00e1 en la voz de mucha gente, personas que [&hellip;]<\/p>\n","protected":false},"author":2,"featured_media":0,"comment_status":"open","ping_status":"open","sticky":false,"template":"","format":"standard","meta":{"footnotes":""},"categories":[108],"tags":[888,873,877,887,886,765,885,882,875,876,571,879,889,880,884,874,881,883,872,878],"class_list":["post-508","post","type-post","status-publish","format-standard","hentry","category-imagen-corporativa-y-branding","tag-alberti","tag-ave","tag-batllo","tag-calatrava","tag-dali","tag-diagonal","tag-eurotunel","tag-familia","tag-gaudi","tag-guell","tag-hereu","tag-mila","tag-montilla","tag-pedrera","tag-porfido","tag-renfe","tag-sagrada","tag-subirats","tag-tunel","tag-vicens"],"yoast_head":"<!-- This site is optimized with the Yoast SEO plugin v27.5 - https:\/\/yoast.com\/product\/yoast-seo-wordpress\/ -->\n<title>EL T\u00daNEL DE LA DISCORDIA - Tritio Publicidad<\/title>\n<meta name=\"robots\" content=\"index, follow, max-snippet:-1, max-image-preview:large, max-video-preview:-1\" \/>\n<link rel=\"canonical\" href=\"https:\/\/www.tritiopublicidad.es\/blog\/el-tunel-de-la-discordia\/\" \/>\n<meta property=\"og:locale\" content=\"es_ES\" \/>\n<meta property=\"og:type\" content=\"article\" \/>\n<meta property=\"og:title\" content=\"EL T\u00daNEL DE LA DISCORDIA - Tritio Publicidad\" \/>\n<meta property=\"og:description\" content=\"El p\u00f3rfido tendr\u00e1 una gran responsabilidad en los pr\u00f3ximos a\u00f1os, por el lado superior deber\u00e1 sostener una mole de piedra y dise\u00f1o que alcanzar\u00e1 173 metros de altura, por el lado inferior sufrir\u00e1 unas caprichosas vibraciones que pondr\u00e1n en jaque su centenaria estabilidad. La Sagrada Familia est\u00e1 en la voz de mucha gente, personas que [&hellip;]\" \/>\n<meta property=\"og:url\" content=\"https:\/\/www.tritiopublicidad.es\/blog\/el-tunel-de-la-discordia\/\" \/>\n<meta property=\"og:site_name\" content=\"Tritio Publicidad\" \/>\n<meta property=\"article:published_time\" content=\"2010-05-22T21:59:10+00:00\" \/>\n<meta property=\"article:modified_time\" content=\"2016-07-13T10:21:59+00:00\" \/>\n<meta property=\"og:image\" content=\"https:\/\/www.tritiopublicidad.es\/blog\/wp-content\/uploads\/2010\/05\/msb134900800011a.jpg\" \/>\n<meta name=\"author\" content=\"Admin 2\" \/>\n<meta name=\"twitter:card\" content=\"summary_large_image\" \/>\n<meta name=\"twitter:label1\" content=\"Escrito por\" \/>\n\t<meta name=\"twitter:data1\" content=\"Admin 2\" \/>\n\t<meta name=\"twitter:label2\" content=\"Tiempo de lectura\" \/>\n\t<meta name=\"twitter:data2\" content=\"2 minutos\" \/>\n<script type=\"application\/ld+json\" class=\"yoast-schema-graph\">{\"@context\":\"https:\\\/\\\/schema.org\",\"@graph\":[{\"@type\":\"Article\",\"@id\":\"https:\\\/\\\/www.tritiopublicidad.es\\\/blog\\\/el-tunel-de-la-discordia\\\/#article\",\"isPartOf\":{\"@id\":\"https:\\\/\\\/www.tritiopublicidad.es\\\/blog\\\/el-tunel-de-la-discordia\\\/\"},\"author\":{\"name\":\"Admin 2\",\"@id\":\"https:\\\/\\\/www.tritiopublicidad.es\\\/blog\\\/#\\\/schema\\\/person\\\/d4a82bb9a7d9c97655a00baff397ca61\"},\"headline\":\"EL T\u00daNEL DE LA DISCORDIA\",\"datePublished\":\"2010-05-22T21:59:10+00:00\",\"dateModified\":\"2016-07-13T10:21:59+00:00\",\"mainEntityOfPage\":{\"@id\":\"https:\\\/\\\/www.tritiopublicidad.es\\\/blog\\\/el-tunel-de-la-discordia\\\/\"},\"wordCount\":312,\"commentCount\":0,\"image\":{\"@id\":\"https:\\\/\\\/www.tritiopublicidad.es\\\/blog\\\/el-tunel-de-la-discordia\\\/#primaryimage\"},\"thumbnailUrl\":\"https:\\\/\\\/www.tritiopublicidad.es\\\/blog\\\/wp-content\\\/uploads\\\/2010\\\/05\\\/msb134900800011a.jpg\",\"keywords\":[\"ALBERTI\",\"AVE\",\"BATLLO\",\"CALATRAVA\",\"DAL\u00cd\",\"DIAGONAL\",\"EUROT\u00daNEL\",\"FAMILIA\",\"GAUDI\",\"GUELL\",\"HEREU\",\"MILA\",\"MONTILLA\",\"PEDRERA\",\"P\u00d3RFIDO\",\"RENFE\",\"SAGRADA\",\"SUBIRATS\",\"TUNEL\",\"VICENS\"],\"articleSection\":[\"Imagen Corporativa y Branding\"],\"inLanguage\":\"es\",\"potentialAction\":[{\"@type\":\"CommentAction\",\"name\":\"Comment\",\"target\":[\"https:\\\/\\\/www.tritiopublicidad.es\\\/blog\\\/el-tunel-de-la-discordia\\\/#respond\"]}]},{\"@type\":\"WebPage\",\"@id\":\"https:\\\/\\\/www.tritiopublicidad.es\\\/blog\\\/el-tunel-de-la-discordia\\\/\",\"url\":\"https:\\\/\\\/www.tritiopublicidad.es\\\/blog\\\/el-tunel-de-la-discordia\\\/\",\"name\":\"EL T\u00daNEL DE LA DISCORDIA - Tritio Publicidad\",\"isPartOf\":{\"@id\":\"https:\\\/\\\/www.tritiopublicidad.es\\\/blog\\\/#website\"},\"primaryImageOfPage\":{\"@id\":\"https:\\\/\\\/www.tritiopublicidad.es\\\/blog\\\/el-tunel-de-la-discordia\\\/#primaryimage\"},\"image\":{\"@id\":\"https:\\\/\\\/www.tritiopublicidad.es\\\/blog\\\/el-tunel-de-la-discordia\\\/#primaryimage\"},\"thumbnailUrl\":\"https:\\\/\\\/www.tritiopublicidad.es\\\/blog\\\/wp-content\\\/uploads\\\/2010\\\/05\\\/msb134900800011a.jpg\",\"datePublished\":\"2010-05-22T21:59:10+00:00\",\"dateModified\":\"2016-07-13T10:21:59+00:00\",\"author\":{\"@id\":\"https:\\\/\\\/www.tritiopublicidad.es\\\/blog\\\/#\\\/schema\\\/person\\\/d4a82bb9a7d9c97655a00baff397ca61\"},\"breadcrumb\":{\"@id\":\"https:\\\/\\\/www.tritiopublicidad.es\\\/blog\\\/el-tunel-de-la-discordia\\\/#breadcrumb\"},\"inLanguage\":\"es\",\"potentialAction\":[{\"@type\":\"ReadAction\",\"target\":[\"https:\\\/\\\/www.tritiopublicidad.es\\\/blog\\\/el-tunel-de-la-discordia\\\/\"]}]},{\"@type\":\"ImageObject\",\"inLanguage\":\"es\",\"@id\":\"https:\\\/\\\/www.tritiopublicidad.es\\\/blog\\\/el-tunel-de-la-discordia\\\/#primaryimage\",\"url\":\"https:\\\/\\\/www.tritiopublicidad.es\\\/blog\\\/wp-content\\\/uploads\\\/2010\\\/05\\\/msb134900800011a.jpg\",\"contentUrl\":\"https:\\\/\\\/www.tritiopublicidad.es\\\/blog\\\/wp-content\\\/uploads\\\/2010\\\/05\\\/msb134900800011a.jpg\"},{\"@type\":\"BreadcrumbList\",\"@id\":\"https:\\\/\\\/www.tritiopublicidad.es\\\/blog\\\/el-tunel-de-la-discordia\\\/#breadcrumb\",\"itemListElement\":[{\"@type\":\"ListItem\",\"position\":1,\"name\":\"Portada\",\"item\":\"https:\\\/\\\/www.tritiopublicidad.es\\\/blog\\\/\"},{\"@type\":\"ListItem\",\"position\":2,\"name\":\"EL T\u00daNEL DE LA DISCORDIA\"}]},{\"@type\":\"WebSite\",\"@id\":\"https:\\\/\\\/www.tritiopublicidad.es\\\/blog\\\/#website\",\"url\":\"https:\\\/\\\/www.tritiopublicidad.es\\\/blog\\\/\",\"name\":\"Tritio Publicidad\",\"description\":\"Campa&ntilde;as, marketing y logotipos\",\"potentialAction\":[{\"@type\":\"SearchAction\",\"target\":{\"@type\":\"EntryPoint\",\"urlTemplate\":\"https:\\\/\\\/www.tritiopublicidad.es\\\/blog\\\/?s={search_term_string}\"},\"query-input\":{\"@type\":\"PropertyValueSpecification\",\"valueRequired\":true,\"valueName\":\"search_term_string\"}}],\"inLanguage\":\"es\"},{\"@type\":\"Person\",\"@id\":\"https:\\\/\\\/www.tritiopublicidad.es\\\/blog\\\/#\\\/schema\\\/person\\\/d4a82bb9a7d9c97655a00baff397ca61\",\"name\":\"Admin 2\",\"image\":{\"@type\":\"ImageObject\",\"inLanguage\":\"es\",\"@id\":\"https:\\\/\\\/secure.gravatar.com\\\/avatar\\\/e36769033535f8ae2f95741cb281544c80c7e48721b032724ab85260265a1f02?s=96&d=mm&r=g\",\"url\":\"https:\\\/\\\/secure.gravatar.com\\\/avatar\\\/e36769033535f8ae2f95741cb281544c80c7e48721b032724ab85260265a1f02?s=96&d=mm&r=g\",\"contentUrl\":\"https:\\\/\\\/secure.gravatar.com\\\/avatar\\\/e36769033535f8ae2f95741cb281544c80c7e48721b032724ab85260265a1f02?s=96&d=mm&r=g\",\"caption\":\"Admin 2\"},\"url\":\"https:\\\/\\\/www.tritiopublicidad.es\\\/blog\\\/author\\\/diego\\\/\"}]}<\/script>\n<!-- \/ Yoast SEO plugin. -->","yoast_head_json":{"title":"EL T\u00daNEL DE LA DISCORDIA - Tritio Publicidad","robots":{"index":"index","follow":"follow","max-snippet":"max-snippet:-1","max-image-preview":"max-image-preview:large","max-video-preview":"max-video-preview:-1"},"canonical":"https:\/\/www.tritiopublicidad.es\/blog\/el-tunel-de-la-discordia\/","og_locale":"es_ES","og_type":"article","og_title":"EL T\u00daNEL DE LA DISCORDIA - Tritio Publicidad","og_description":"El p\u00f3rfido tendr\u00e1 una gran responsabilidad en los pr\u00f3ximos a\u00f1os, por el lado superior deber\u00e1 sostener una mole de piedra y dise\u00f1o que alcanzar\u00e1 173 metros de altura, por el lado inferior sufrir\u00e1 unas caprichosas vibraciones que pondr\u00e1n en jaque su centenaria estabilidad. La Sagrada Familia est\u00e1 en la voz de mucha gente, personas que [&hellip;]","og_url":"https:\/\/www.tritiopublicidad.es\/blog\/el-tunel-de-la-discordia\/","og_site_name":"Tritio Publicidad","article_published_time":"2010-05-22T21:59:10+00:00","article_modified_time":"2016-07-13T10:21:59+00:00","og_image":[{"url":"https:\/\/www.tritiopublicidad.es\/blog\/wp-content\/uploads\/2010\/05\/msb134900800011a.jpg","type":"","width":"","height":""}],"author":"Admin 2","twitter_card":"summary_large_image","twitter_misc":{"Escrito por":"Admin 2","Tiempo de lectura":"2 minutos"},"schema":{"@context":"https:\/\/schema.org","@graph":[{"@type":"Article","@id":"https:\/\/www.tritiopublicidad.es\/blog\/el-tunel-de-la-discordia\/#article","isPartOf":{"@id":"https:\/\/www.tritiopublicidad.es\/blog\/el-tunel-de-la-discordia\/"},"author":{"name":"Admin 2","@id":"https:\/\/www.tritiopublicidad.es\/blog\/#\/schema\/person\/d4a82bb9a7d9c97655a00baff397ca61"},"headline":"EL T\u00daNEL DE LA DISCORDIA","datePublished":"2010-05-22T21:59:10+00:00","dateModified":"2016-07-13T10:21:59+00:00","mainEntityOfPage":{"@id":"https:\/\/www.tritiopublicidad.es\/blog\/el-tunel-de-la-discordia\/"},"wordCount":312,"commentCount":0,"image":{"@id":"https:\/\/www.tritiopublicidad.es\/blog\/el-tunel-de-la-discordia\/#primaryimage"},"thumbnailUrl":"https:\/\/www.tritiopublicidad.es\/blog\/wp-content\/uploads\/2010\/05\/msb134900800011a.jpg","keywords":["ALBERTI","AVE","BATLLO","CALATRAVA","DAL\u00cd","DIAGONAL","EUROT\u00daNEL","FAMILIA","GAUDI","GUELL","HEREU","MILA","MONTILLA","PEDRERA","P\u00d3RFIDO","RENFE","SAGRADA","SUBIRATS","TUNEL","VICENS"],"articleSection":["Imagen Corporativa y Branding"],"inLanguage":"es","potentialAction":[{"@type":"CommentAction","name":"Comment","target":["https:\/\/www.tritiopublicidad.es\/blog\/el-tunel-de-la-discordia\/#respond"]}]},{"@type":"WebPage","@id":"https:\/\/www.tritiopublicidad.es\/blog\/el-tunel-de-la-discordia\/","url":"https:\/\/www.tritiopublicidad.es\/blog\/el-tunel-de-la-discordia\/","name":"EL T\u00daNEL DE LA DISCORDIA - Tritio Publicidad","isPartOf":{"@id":"https:\/\/www.tritiopublicidad.es\/blog\/#website"},"primaryImageOfPage":{"@id":"https:\/\/www.tritiopublicidad.es\/blog\/el-tunel-de-la-discordia\/#primaryimage"},"image":{"@id":"https:\/\/www.tritiopublicidad.es\/blog\/el-tunel-de-la-discordia\/#primaryimage"},"thumbnailUrl":"https:\/\/www.tritiopublicidad.es\/blog\/wp-content\/uploads\/2010\/05\/msb134900800011a.jpg","datePublished":"2010-05-22T21:59:10+00:00","dateModified":"2016-07-13T10:21:59+00:00","author":{"@id":"https:\/\/www.tritiopublicidad.es\/blog\/#\/schema\/person\/d4a82bb9a7d9c97655a00baff397ca61"},"breadcrumb":{"@id":"https:\/\/www.tritiopublicidad.es\/blog\/el-tunel-de-la-discordia\/#breadcrumb"},"inLanguage":"es","potentialAction":[{"@type":"ReadAction","target":["https:\/\/www.tritiopublicidad.es\/blog\/el-tunel-de-la-discordia\/"]}]},{"@type":"ImageObject","inLanguage":"es","@id":"https:\/\/www.tritiopublicidad.es\/blog\/el-tunel-de-la-discordia\/#primaryimage","url":"https:\/\/www.tritiopublicidad.es\/blog\/wp-content\/uploads\/2010\/05\/msb134900800011a.jpg","contentUrl":"https:\/\/www.tritiopublicidad.es\/blog\/wp-content\/uploads\/2010\/05\/msb134900800011a.jpg"},{"@type":"BreadcrumbList","@id":"https:\/\/www.tritiopublicidad.es\/blog\/el-tunel-de-la-discordia\/#breadcrumb","itemListElement":[{"@type":"ListItem","position":1,"name":"Portada","item":"https:\/\/www.tritiopublicidad.es\/blog\/"},{"@type":"ListItem","position":2,"name":"EL T\u00daNEL DE LA DISCORDIA"}]},{"@type":"WebSite","@id":"https:\/\/www.tritiopublicidad.es\/blog\/#website","url":"https:\/\/www.tritiopublicidad.es\/blog\/","name":"Tritio Publicidad","description":"Campa&ntilde;as, marketing y logotipos","potentialAction":[{"@type":"SearchAction","target":{"@type":"EntryPoint","urlTemplate":"https:\/\/www.tritiopublicidad.es\/blog\/?s={search_term_string}"},"query-input":{"@type":"PropertyValueSpecification","valueRequired":true,"valueName":"search_term_string"}}],"inLanguage":"es"},{"@type":"Person","@id":"https:\/\/www.tritiopublicidad.es\/blog\/#\/schema\/person\/d4a82bb9a7d9c97655a00baff397ca61","name":"Admin 2","image":{"@type":"ImageObject","inLanguage":"es","@id":"https:\/\/secure.gravatar.com\/avatar\/e36769033535f8ae2f95741cb281544c80c7e48721b032724ab85260265a1f02?s=96&d=mm&r=g","url":"https:\/\/secure.gravatar.com\/avatar\/e36769033535f8ae2f95741cb281544c80c7e48721b032724ab85260265a1f02?s=96&d=mm&r=g","contentUrl":"https:\/\/secure.gravatar.com\/avatar\/e36769033535f8ae2f95741cb281544c80c7e48721b032724ab85260265a1f02?s=96&d=mm&r=g","caption":"Admin 2"},"url":"https:\/\/www.tritiopublicidad.es\/blog\/author\/diego\/"}]}},"_links":{"self":[{"href":"https:\/\/www.tritiopublicidad.es\/blog\/wp-json\/wp\/v2\/posts\/508","targetHints":{"allow":["GET"]}}],"collection":[{"href":"https:\/\/www.tritiopublicidad.es\/blog\/wp-json\/wp\/v2\/posts"}],"about":[{"href":"https:\/\/www.tritiopublicidad.es\/blog\/wp-json\/wp\/v2\/types\/post"}],"author":[{"embeddable":true,"href":"https:\/\/www.tritiopublicidad.es\/blog\/wp-json\/wp\/v2\/users\/2"}],"replies":[{"embeddable":true,"href":"https:\/\/www.tritiopublicidad.es\/blog\/wp-json\/wp\/v2\/comments?post=508"}],"version-history":[{"count":1,"href":"https:\/\/www.tritiopublicidad.es\/blog\/wp-json\/wp\/v2\/posts\/508\/revisions"}],"predecessor-version":[{"id":3448,"href":"https:\/\/www.tritiopublicidad.es\/blog\/wp-json\/wp\/v2\/posts\/508\/revisions\/3448"}],"wp:attachment":[{"href":"https:\/\/www.tritiopublicidad.es\/blog\/wp-json\/wp\/v2\/media?parent=508"}],"wp:term":[{"taxonomy":"category","embeddable":true,"href":"https:\/\/www.tritiopublicidad.es\/blog\/wp-json\/wp\/v2\/categories?post=508"},{"taxonomy":"post_tag","embeddable":true,"href":"https:\/\/www.tritiopublicidad.es\/blog\/wp-json\/wp\/v2\/tags?post=508"}],"curies":[{"name":"wp","href":"https:\/\/api.w.org\/{rel}","templated":true}]}}