{"id":65,"date":"2009-10-15T00:00:00","date_gmt":"2009-10-14T22:00:00","guid":{"rendered":"http:\/\/alexcaffery.com\/tritio\/?p=65"},"modified":"2016-07-13T12:22:01","modified_gmt":"2016-07-13T10:22:01","slug":"einxsprecher","status":"publish","type":"post","link":"https:\/\/www.tritiopublicidad.es\/blog\/einxsprecher\/","title":{"rendered":"EIN SPRECHER"},"content":{"rendered":"<p style=\"text-align: center;\"><img decoding=\"async\" class=\"aligncenter\" src=\"\/wp-content\/uploads\/20091015010822-goebbels1.jpg\" alt=\"\" align=\"center\" \/><\/p>\n<p class=\"MsoNormal\" style=\"margin: 0cm 0cm 0pt;\"><span style=\"font-family: Arial;\">La deprimida Alemania de la posguerra languidec\u00eda en la d\u00e9cada de los 20; todav\u00eda sin saberlo, su futuro l\u00edder de masas, meditaba y escrib\u00eda en prisi\u00f3n.<\/span><\/p>\n<p class=\"MsoNormal\" style=\"margin: 0cm 0cm 0pt;\"><span style=\"font-family: Arial;\">\u00a0<\/span><span style=\"font-family: Arial;\">Goebbels, el ministro de propaganda nazi, asesor de imagen y gran amigo de Adolf Hitler fue uno de los art\u00edfices de que\u00a0todo cambiara\u00a0desde aquella coyuntura tan poco esperanzadora, a la pr\u00f3spera imagen de la Alemania y Berl\u00edn, sede organizadora de las olimpiadas de 1936.<\/span><\/p>\n<p class=\"MsoNormal\" style=\"margin: 0cm 0cm 0pt;\"><span style=\"font-family: Arial;\">\u00a0<\/span><span style=\"font-family: Arial;\">Cuando Hitler alcanz\u00f3 el poder \u201cleg\u00edtimamente\u201d tras la noche de los cuchillos largos y ya que contaba con much\u00edsimos alemanes que realmente si que apoyaban su visi\u00f3n, Goebbels comenz\u00f3 a bombardear a su pueblo con cientos de emblemas entre los que destaca la cruz gamada y la \u201ccalavera\u201d de la gestapo, los colores rojo, negro y blanco, banderolas, cabalgatas, cine expresionista y m\u00edtines enfervorecidos cargados de gestos y colorido.<\/span><\/p>\n<p class=\"MsoNormal\" style=\"margin: 0cm 0cm 0pt;\"><span style=\"font-family: Arial;\">\u00a0<\/span><span style=\"font-family: Arial;\">A esta estrategia comunicativa algunos autores la han denominado \u201cviolencia visual\u201d y se basa principalmente en la saturaci\u00f3n de impactos para conseguir una sensaci\u00f3n en el receptor de mayor grandeza y poder. Tambi\u00e9n utiliz\u00f3 el denominado marketing social con el que apelaba a los sentimientos y al orgullo. <\/span><\/p>\n<p class=\"MsoNormal\" style=\"margin: 0cm 0cm 0pt;\">\u00a0<span style=\"font-family: Arial;\">Por el bien de todos, este legendario manipulador no ha encontrado sustituto hasta nuestros d\u00edas.<\/span><\/p>\n<p class=\"MsoNormal\" style=\"margin: 0cm 0cm 0pt;\"><span style=\"font-family: Arial;\">\u00a0<\/span><\/p>\n<p class=\"MsoNormal\" style=\"margin: 0cm 0cm 0pt;\"><span style=\"font-family: arial,helvetica,sans-serif;\">Diego Celma Herrando\u00a0<\/span><\/p>\n<p class=\"MsoNormal\" style=\"margin: 0cm 0cm 0pt;\"><span style=\"font-family: Arial;\">Imagen: schol wordpress<\/span><\/p>\n","protected":false},"excerpt":{"rendered":"<p>La deprimida Alemania de la posguerra languidec\u00eda en la d\u00e9cada de los 20; todav\u00eda sin saberlo, su futuro l\u00edder de masas, meditaba y escrib\u00eda en prisi\u00f3n. \u00a0Goebbels, el ministro de propaganda nazi, asesor de imagen y gran amigo de Adolf Hitler fue uno de los art\u00edfices de que\u00a0todo cambiara\u00a0desde aquella coyuntura tan poco esperanzadora, a [&hellip;]<\/p>\n","protected":false},"author":2,"featured_media":0,"comment_status":"open","ping_status":"open","sticky":false,"template":"","format":"standard","meta":{"footnotes":""},"categories":[285],"tags":[240,322,354,355,356],"class_list":["post-65","post","type-post","status-publish","format-standard","hentry","category-propaganda-y-comunicacion-institucional","tag-alemania","tag-berlin","tag-goebbels","tag-hitler","tag-reich"],"yoast_head":"<!-- This site is optimized with the Yoast SEO plugin v27.4 - https:\/\/yoast.com\/product\/yoast-seo-wordpress\/ -->\n<title>EIN SPRECHER - Tritio Publicidad<\/title>\n<meta name=\"robots\" content=\"index, follow, max-snippet:-1, max-image-preview:large, max-video-preview:-1\" \/>\n<link rel=\"canonical\" href=\"https:\/\/www.tritiopublicidad.es\/blog\/einxsprecher\/\" \/>\n<meta property=\"og:locale\" content=\"es_ES\" \/>\n<meta property=\"og:type\" content=\"article\" \/>\n<meta property=\"og:title\" content=\"EIN SPRECHER - Tritio Publicidad\" \/>\n<meta property=\"og:description\" content=\"La deprimida Alemania de la posguerra languidec\u00eda en la d\u00e9cada de los 20; todav\u00eda sin saberlo, su futuro l\u00edder de masas, meditaba y escrib\u00eda en prisi\u00f3n. \u00a0Goebbels, el ministro de propaganda nazi, asesor de imagen y gran amigo de Adolf Hitler fue uno de los art\u00edfices de que\u00a0todo cambiara\u00a0desde aquella coyuntura tan poco esperanzadora, a [&hellip;]\" \/>\n<meta property=\"og:url\" content=\"https:\/\/www.tritiopublicidad.es\/blog\/einxsprecher\/\" \/>\n<meta property=\"og:site_name\" content=\"Tritio Publicidad\" \/>\n<meta property=\"article:published_time\" content=\"2009-10-14T22:00:00+00:00\" \/>\n<meta property=\"article:modified_time\" content=\"2016-07-13T10:22:01+00:00\" \/>\n<meta name=\"author\" content=\"Admin 2\" \/>\n<meta name=\"twitter:card\" content=\"summary_large_image\" \/>\n<meta name=\"twitter:label1\" content=\"Escrito por\" \/>\n\t<meta name=\"twitter:data1\" content=\"Admin 2\" \/>\n\t<meta name=\"twitter:label2\" content=\"Tiempo de lectura\" \/>\n\t<meta name=\"twitter:data2\" content=\"1 minuto\" \/>\n<script type=\"application\/ld+json\" class=\"yoast-schema-graph\">{\"@context\":\"https:\\\/\\\/schema.org\",\"@graph\":[{\"@type\":\"Article\",\"@id\":\"https:\\\/\\\/www.tritiopublicidad.es\\\/blog\\\/einxsprecher\\\/#article\",\"isPartOf\":{\"@id\":\"https:\\\/\\\/www.tritiopublicidad.es\\\/blog\\\/einxsprecher\\\/\"},\"author\":{\"name\":\"Admin 2\",\"@id\":\"https:\\\/\\\/www.tritiopublicidad.es\\\/blog\\\/#\\\/schema\\\/person\\\/d4a82bb9a7d9c97655a00baff397ca61\"},\"headline\":\"EIN SPRECHER\",\"datePublished\":\"2009-10-14T22:00:00+00:00\",\"dateModified\":\"2016-07-13T10:22:01+00:00\",\"mainEntityOfPage\":{\"@id\":\"https:\\\/\\\/www.tritiopublicidad.es\\\/blog\\\/einxsprecher\\\/\"},\"wordCount\":227,\"commentCount\":0,\"keywords\":[\"ALEMANIA\",\"BERLIN\",\"GOEBBELS\",\"HITLER\",\"REICH\"],\"articleSection\":[\"Propaganda y Comunicaci\u00f3n Institucional\"],\"inLanguage\":\"es\",\"potentialAction\":[{\"@type\":\"CommentAction\",\"name\":\"Comment\",\"target\":[\"https:\\\/\\\/www.tritiopublicidad.es\\\/blog\\\/einxsprecher\\\/#respond\"]}]},{\"@type\":\"WebPage\",\"@id\":\"https:\\\/\\\/www.tritiopublicidad.es\\\/blog\\\/einxsprecher\\\/\",\"url\":\"https:\\\/\\\/www.tritiopublicidad.es\\\/blog\\\/einxsprecher\\\/\",\"name\":\"EIN SPRECHER - Tritio Publicidad\",\"isPartOf\":{\"@id\":\"https:\\\/\\\/www.tritiopublicidad.es\\\/blog\\\/#website\"},\"datePublished\":\"2009-10-14T22:00:00+00:00\",\"dateModified\":\"2016-07-13T10:22:01+00:00\",\"author\":{\"@id\":\"https:\\\/\\\/www.tritiopublicidad.es\\\/blog\\\/#\\\/schema\\\/person\\\/d4a82bb9a7d9c97655a00baff397ca61\"},\"breadcrumb\":{\"@id\":\"https:\\\/\\\/www.tritiopublicidad.es\\\/blog\\\/einxsprecher\\\/#breadcrumb\"},\"inLanguage\":\"es\",\"potentialAction\":[{\"@type\":\"ReadAction\",\"target\":[\"https:\\\/\\\/www.tritiopublicidad.es\\\/blog\\\/einxsprecher\\\/\"]}]},{\"@type\":\"BreadcrumbList\",\"@id\":\"https:\\\/\\\/www.tritiopublicidad.es\\\/blog\\\/einxsprecher\\\/#breadcrumb\",\"itemListElement\":[{\"@type\":\"ListItem\",\"position\":1,\"name\":\"Portada\",\"item\":\"https:\\\/\\\/www.tritiopublicidad.es\\\/blog\\\/\"},{\"@type\":\"ListItem\",\"position\":2,\"name\":\"EIN SPRECHER\"}]},{\"@type\":\"WebSite\",\"@id\":\"https:\\\/\\\/www.tritiopublicidad.es\\\/blog\\\/#website\",\"url\":\"https:\\\/\\\/www.tritiopublicidad.es\\\/blog\\\/\",\"name\":\"Tritio Publicidad\",\"description\":\"Campa&ntilde;as, marketing y logotipos\",\"potentialAction\":[{\"@type\":\"SearchAction\",\"target\":{\"@type\":\"EntryPoint\",\"urlTemplate\":\"https:\\\/\\\/www.tritiopublicidad.es\\\/blog\\\/?s={search_term_string}\"},\"query-input\":{\"@type\":\"PropertyValueSpecification\",\"valueRequired\":true,\"valueName\":\"search_term_string\"}}],\"inLanguage\":\"es\"},{\"@type\":\"Person\",\"@id\":\"https:\\\/\\\/www.tritiopublicidad.es\\\/blog\\\/#\\\/schema\\\/person\\\/d4a82bb9a7d9c97655a00baff397ca61\",\"name\":\"Admin 2\",\"image\":{\"@type\":\"ImageObject\",\"inLanguage\":\"es\",\"@id\":\"https:\\\/\\\/secure.gravatar.com\\\/avatar\\\/e36769033535f8ae2f95741cb281544c80c7e48721b032724ab85260265a1f02?s=96&d=mm&r=g\",\"url\":\"https:\\\/\\\/secure.gravatar.com\\\/avatar\\\/e36769033535f8ae2f95741cb281544c80c7e48721b032724ab85260265a1f02?s=96&d=mm&r=g\",\"contentUrl\":\"https:\\\/\\\/secure.gravatar.com\\\/avatar\\\/e36769033535f8ae2f95741cb281544c80c7e48721b032724ab85260265a1f02?s=96&d=mm&r=g\",\"caption\":\"Admin 2\"},\"url\":\"https:\\\/\\\/www.tritiopublicidad.es\\\/blog\\\/author\\\/diego\\\/\"}]}<\/script>\n<!-- \/ Yoast SEO plugin. -->","yoast_head_json":{"title":"EIN SPRECHER - Tritio Publicidad","robots":{"index":"index","follow":"follow","max-snippet":"max-snippet:-1","max-image-preview":"max-image-preview:large","max-video-preview":"max-video-preview:-1"},"canonical":"https:\/\/www.tritiopublicidad.es\/blog\/einxsprecher\/","og_locale":"es_ES","og_type":"article","og_title":"EIN SPRECHER - Tritio Publicidad","og_description":"La deprimida Alemania de la posguerra languidec\u00eda en la d\u00e9cada de los 20; todav\u00eda sin saberlo, su futuro l\u00edder de masas, meditaba y escrib\u00eda en prisi\u00f3n. \u00a0Goebbels, el ministro de propaganda nazi, asesor de imagen y gran amigo de Adolf Hitler fue uno de los art\u00edfices de que\u00a0todo cambiara\u00a0desde aquella coyuntura tan poco esperanzadora, a [&hellip;]","og_url":"https:\/\/www.tritiopublicidad.es\/blog\/einxsprecher\/","og_site_name":"Tritio Publicidad","article_published_time":"2009-10-14T22:00:00+00:00","article_modified_time":"2016-07-13T10:22:01+00:00","author":"Admin 2","twitter_card":"summary_large_image","twitter_misc":{"Escrito por":"Admin 2","Tiempo de lectura":"1 minuto"},"schema":{"@context":"https:\/\/schema.org","@graph":[{"@type":"Article","@id":"https:\/\/www.tritiopublicidad.es\/blog\/einxsprecher\/#article","isPartOf":{"@id":"https:\/\/www.tritiopublicidad.es\/blog\/einxsprecher\/"},"author":{"name":"Admin 2","@id":"https:\/\/www.tritiopublicidad.es\/blog\/#\/schema\/person\/d4a82bb9a7d9c97655a00baff397ca61"},"headline":"EIN SPRECHER","datePublished":"2009-10-14T22:00:00+00:00","dateModified":"2016-07-13T10:22:01+00:00","mainEntityOfPage":{"@id":"https:\/\/www.tritiopublicidad.es\/blog\/einxsprecher\/"},"wordCount":227,"commentCount":0,"keywords":["ALEMANIA","BERLIN","GOEBBELS","HITLER","REICH"],"articleSection":["Propaganda y Comunicaci\u00f3n Institucional"],"inLanguage":"es","potentialAction":[{"@type":"CommentAction","name":"Comment","target":["https:\/\/www.tritiopublicidad.es\/blog\/einxsprecher\/#respond"]}]},{"@type":"WebPage","@id":"https:\/\/www.tritiopublicidad.es\/blog\/einxsprecher\/","url":"https:\/\/www.tritiopublicidad.es\/blog\/einxsprecher\/","name":"EIN SPRECHER - Tritio Publicidad","isPartOf":{"@id":"https:\/\/www.tritiopublicidad.es\/blog\/#website"},"datePublished":"2009-10-14T22:00:00+00:00","dateModified":"2016-07-13T10:22:01+00:00","author":{"@id":"https:\/\/www.tritiopublicidad.es\/blog\/#\/schema\/person\/d4a82bb9a7d9c97655a00baff397ca61"},"breadcrumb":{"@id":"https:\/\/www.tritiopublicidad.es\/blog\/einxsprecher\/#breadcrumb"},"inLanguage":"es","potentialAction":[{"@type":"ReadAction","target":["https:\/\/www.tritiopublicidad.es\/blog\/einxsprecher\/"]}]},{"@type":"BreadcrumbList","@id":"https:\/\/www.tritiopublicidad.es\/blog\/einxsprecher\/#breadcrumb","itemListElement":[{"@type":"ListItem","position":1,"name":"Portada","item":"https:\/\/www.tritiopublicidad.es\/blog\/"},{"@type":"ListItem","position":2,"name":"EIN SPRECHER"}]},{"@type":"WebSite","@id":"https:\/\/www.tritiopublicidad.es\/blog\/#website","url":"https:\/\/www.tritiopublicidad.es\/blog\/","name":"Tritio Publicidad","description":"Campa&ntilde;as, marketing y logotipos","potentialAction":[{"@type":"SearchAction","target":{"@type":"EntryPoint","urlTemplate":"https:\/\/www.tritiopublicidad.es\/blog\/?s={search_term_string}"},"query-input":{"@type":"PropertyValueSpecification","valueRequired":true,"valueName":"search_term_string"}}],"inLanguage":"es"},{"@type":"Person","@id":"https:\/\/www.tritiopublicidad.es\/blog\/#\/schema\/person\/d4a82bb9a7d9c97655a00baff397ca61","name":"Admin 2","image":{"@type":"ImageObject","inLanguage":"es","@id":"https:\/\/secure.gravatar.com\/avatar\/e36769033535f8ae2f95741cb281544c80c7e48721b032724ab85260265a1f02?s=96&d=mm&r=g","url":"https:\/\/secure.gravatar.com\/avatar\/e36769033535f8ae2f95741cb281544c80c7e48721b032724ab85260265a1f02?s=96&d=mm&r=g","contentUrl":"https:\/\/secure.gravatar.com\/avatar\/e36769033535f8ae2f95741cb281544c80c7e48721b032724ab85260265a1f02?s=96&d=mm&r=g","caption":"Admin 2"},"url":"https:\/\/www.tritiopublicidad.es\/blog\/author\/diego\/"}]}},"_links":{"self":[{"href":"https:\/\/www.tritiopublicidad.es\/blog\/wp-json\/wp\/v2\/posts\/65","targetHints":{"allow":["GET"]}}],"collection":[{"href":"https:\/\/www.tritiopublicidad.es\/blog\/wp-json\/wp\/v2\/posts"}],"about":[{"href":"https:\/\/www.tritiopublicidad.es\/blog\/wp-json\/wp\/v2\/types\/post"}],"author":[{"embeddable":true,"href":"https:\/\/www.tritiopublicidad.es\/blog\/wp-json\/wp\/v2\/users\/2"}],"replies":[{"embeddable":true,"href":"https:\/\/www.tritiopublicidad.es\/blog\/wp-json\/wp\/v2\/comments?post=65"}],"version-history":[{"count":1,"href":"https:\/\/www.tritiopublicidad.es\/blog\/wp-json\/wp\/v2\/posts\/65\/revisions"}],"predecessor-version":[{"id":3535,"href":"https:\/\/www.tritiopublicidad.es\/blog\/wp-json\/wp\/v2\/posts\/65\/revisions\/3535"}],"wp:attachment":[{"href":"https:\/\/www.tritiopublicidad.es\/blog\/wp-json\/wp\/v2\/media?parent=65"}],"wp:term":[{"taxonomy":"category","embeddable":true,"href":"https:\/\/www.tritiopublicidad.es\/blog\/wp-json\/wp\/v2\/categories?post=65"},{"taxonomy":"post_tag","embeddable":true,"href":"https:\/\/www.tritiopublicidad.es\/blog\/wp-json\/wp\/v2\/tags?post=65"}],"curies":[{"name":"wp","href":"https:\/\/api.w.org\/{rel}","templated":true}]}}